{"id":1342,"date":"2014-01-14T09:40:12","date_gmt":"2014-01-14T07:40:12","guid":{"rendered":"https:\/\/www.familie-papp.de\/reisen\/?p=1342"},"modified":"2019-05-07T13:55:00","modified_gmt":"2019-05-07T11:55:00","slug":"2014-kleinwalsertal-uebersicht-ueber-den-reiseverlauf","status":"publish","type":"post","link":"https:\/\/www.familie-papp.de\/reisen\/reiseberichte\/europa\/2014-oesterreich-kleinwalsertal\/2014-kleinwalsertal-uebersicht-ueber-den-reiseverlauf\/","title":{"rendered":"2014 Kleinwalsertal &#8211; Reiseverlauf"},"content":{"rendered":"<table border=\"0\" align=\"center\">\n<tbody>\n<tr>\n<td><a title=\"Reiseberichte\" href=\"https:\/\/www.familie-papp.de\/reisen\/uebersicht-reiseberichte\/\">Alle Reiseberichte<\/a><\/td>\n<td><\/td>\n<td style=\"text-align: right;\"><a title=\"2014 Kleinwalsertal \u2013 1. Anreise nach Mittelberg\" href=\"https:\/\/www.familie-papp.de\/reisen\/reiseberichte\/europa\/2014-oesterreich-kleinwalsertal\/2014-kleinwalsertal-anreise-nach-mittelberg\/\">Weiter\u00a0\u203a<\/a><\/td>\n<\/tr>\n<\/tbody>\n<\/table>\n<h3>Karte<\/h3>\n\n<p><span style=\"font-size: 22px; font-weight: bold;\">Reisedetails<\/span><\/p>\n<p><strong>Datum: <\/strong>04.01.-07.01.2014<br \/>\n<strong>Startpunkt:<\/strong> Kleinwalsertal, \u00d6sterreich<br \/>\n<strong>Endpunkt:<\/strong> Kleinwalsertal, \u00d6sterreich<\/p>\n<h3>Verlauf<\/h3>\n<table style=\"width: 100%;\" border=\"0\" cellspacing=\"0\" cellpadding=\"0\">\n<colgroup>\n<col width=\"84\" \/>\n<col width=\"133\" \/>\n<col width=\"92\" \/><\/colgroup>\n<tbody>\n<tr>\n<td width=\"84\" height=\"20\"><strong>Datum<\/strong><\/td>\n<td style=\"text-align: left;\" width=\"92\"><strong>Beschreibung<\/strong><\/td>\n<td style=\"text-align: right;\" width=\"92\"><strong>Reisebericht<\/strong><\/td>\n<\/tr>\n<tr>\n<td height=\"20\">04.01.2014<\/td>\n<td align=\"right\">Anreise mit dem Auto<\/td>\n<td align=\"right\"><\/td>\n<\/tr>\n<tr>\n<td height=\"20\"><\/td>\n<td align=\"right\">Mittelberg, \u00d6sterreich<\/td>\n<td align=\"right\"><a title=\"2014 Kleinwalsertal \u2013 1. Anreise nach Mittelberg\" href=\"https:\/\/www.familie-papp.de\/reisen\/reiseberichte\/europa\/2014-oesterreich-kleinwalsertal\/2014-kleinwalsertal-anreise-nach-mittelberg\/\">1. Anreise ins Kleinwalsertal &#8211; Mittelberg<\/a><\/td>\n<\/tr>\n<tr>\n<td height=\"20\"><\/td>\n<td align=\"right\"><\/td>\n<td align=\"right\"><\/td>\n<\/tr>\n<tr>\n<td height=\"20\">05.01.2014<\/td>\n<td align=\"right\">Hirschegg und Baad in \u00d6sterreich<\/td>\n<td align=\"right\"><a title=\"2014 Kleinwalsertal \u2013 2. Hirschegg und Badd\" href=\"https:\/\/www.familie-papp.de\/reisen\/reiseberichte\/europa\/2014-oesterreich-kleinwalsertal\/2014-kleinwalsertal-2-hirschegg-und-badd\/\">2. Hirschegg und Badd &#8211; Kleinwalsertal<\/a><\/td>\n<\/tr>\n<tr>\n<td height=\"20\"><\/td>\n<td align=\"right\"><\/td>\n<td align=\"right\"><\/td>\n<\/tr>\n<tr>\n<td height=\"20\">06.01.2014<\/td>\n<td align=\"right\">Hoher Ifen, \u00d6sterreich<\/td>\n<td align=\"right\"><a title=\"2014 Keinwalsertal \u2013 3. Hoher Ifen\" href=\"https:\/\/www.familie-papp.de\/reisen\/reiseberichte\/europa\/2014-oesterreich-kleinwalsertal\/3-hoher-ifen-keinwalsertal\/\">3. Hoher Ifen &#8211; Keinwalsertal<\/a><\/td>\n<\/tr>\n<tr>\n<td height=\"20\"><\/td>\n<td align=\"right\"><\/td>\n<td align=\"right\"><\/td>\n<\/tr>\n<tr>\n<td height=\"20\">07.01.2014<\/td>\n<td align=\"right\">R\u00fcckkehr<\/td>\n<td align=\"right\"><\/td>\n<\/tr>\n<\/tbody>\n<\/table>\n<table border=\"0\" align=\"center\">\n<tbody>\n<tr>\n<td><a title=\"Reiseberichte\" href=\"https:\/\/www.familie-papp.de\/reisen\/uebersicht-reiseberichte\/\">Alle Reiseberichte<\/a><\/td>\n<td><\/td>\n<td style=\"text-align: right;\"><a title=\"2014 Kleinwalsertal \u2013 1. Anreise nach Mittelberg\" href=\"https:\/\/www.familie-papp.de\/reisen\/reiseberichte\/europa\/2014-oesterreich-kleinwalsertal\/2014-kleinwalsertal-anreise-nach-mittelberg\/\">Weiter\u00a0\u203a<\/a><\/td>\n<\/tr>\n<\/tbody>\n<\/table>\n","protected":false},"excerpt":{"rendered":"<p>Datum: 04.01.-07.01.2014<br \/>\nStartpunkt: Kleinwalsertal, \u00d6sterreich<br \/>\nEndpunkt: Kleinwalsertal, \u00d6sterreich<br \/>\n <a class=\"more-link\" href=\"https:\/\/www.familie-papp.de\/reisen\/reiseberichte\/europa\/2014-oesterreich-kleinwalsertal\/2014-kleinwalsertal-uebersicht-ueber-den-reiseverlauf\/\"><span class=\"screen-reader-text\">  2014 Kleinwalsertal &#8211; Reiseverlauf<\/span> weiterlesen<span class=\"meta-nav\">&rarr;<\/span><\/a><\/p>\n","protected":false},"author":6,"featured_media":1368,"comment_status":"open","ping_status":"closed","sticky":false,"template":"","format":"standard","meta":{"ngg_post_thumbnail":0,"footnotes":""},"categories":[19],"tags":[],"class_list":["post-1342","post","type-post","status-publish","format-standard","has-post-thumbnail","hentry","category-2014-oesterreich-kleinwalsertal"],"yoast_head":"<!-- This site is optimized with the Yoast SEO plugin v27.4 - https:\/\/yoast.com\/product\/yoast-seo-wordpress\/ -->\n<title>2014 Kleinwalsertal - Reiseverlauf - Reiseberichte<\/title>\n<meta name=\"description\" content=\"Auf dieser Webseite findest du pers\u00f6nliche Reiseberichte unserer Reisen. 2012 USA Westk\u00fcste, 2011 USA Ostk\u00fcste, 2013 Barcelona und viele mehr...\" \/>\n<meta name=\"robots\" content=\"index, follow, max-snippet:-1, max-image-preview:large, max-video-preview:-1\" \/>\n<link rel=\"canonical\" href=\"https:\/\/www.familie-papp.de\/reisen\/reiseberichte\/europa\/2014-oesterreich-kleinwalsertal\/2014-kleinwalsertal-uebersicht-ueber-den-reiseverlauf\/\" \/>\n<meta property=\"og:locale\" content=\"de_DE\" \/>\n<meta property=\"og:type\" content=\"article\" \/>\n<meta property=\"og:title\" content=\"2014 Kleinwalsertal - Reiseverlauf - Reiseberichte\" \/>\n<meta property=\"og:description\" content=\"Auf dieser Webseite findest du pers\u00f6nliche Reiseberichte unserer Reisen. 2012 USA Westk\u00fcste, 2011 USA Ostk\u00fcste, 2013 Barcelona und viele mehr...\" \/>\n<meta property=\"og:url\" content=\"https:\/\/www.familie-papp.de\/reisen\/reiseberichte\/europa\/2014-oesterreich-kleinwalsertal\/2014-kleinwalsertal-uebersicht-ueber-den-reiseverlauf\/\" \/>\n<meta property=\"og:site_name\" content=\"Reiseberichte\" \/>\n<meta property=\"article:published_time\" content=\"2014-01-14T07:40:12+00:00\" \/>\n<meta property=\"article:modified_time\" content=\"2019-05-07T11:55:00+00:00\" \/>\n<meta property=\"og:image\" content=\"https:\/\/www.familie-papp.de\/reisen\/wp-content\/uploads\/2014\/01\/2014-Kleinwalsertal1.png\" \/>\n\t<meta property=\"og:image:width\" content=\"252\" \/>\n\t<meta property=\"og:image:height\" content=\"200\" \/>\n\t<meta property=\"og:image:type\" content=\"image\/png\" \/>\n<meta name=\"author\" content=\"Chris\" \/>\n<meta name=\"twitter:card\" content=\"summary_large_image\" \/>\n<meta name=\"twitter:creator\" content=\"@chris_papp_de\" \/>\n<meta name=\"twitter:site\" content=\"@chris_papp_de\" \/>\n<meta name=\"twitter:label1\" content=\"Verfasst von\" \/>\n\t<meta name=\"twitter:data1\" content=\"Chris\" \/>\n<script type=\"application\/ld+json\" class=\"yoast-schema-graph\">{\"@context\":\"https:\\\/\\\/schema.org\",\"@graph\":[{\"@type\":\"Article\",\"@id\":\"https:\\\/\\\/www.familie-papp.de\\\/reisen\\\/reiseberichte\\\/europa\\\/2014-oesterreich-kleinwalsertal\\\/2014-kleinwalsertal-uebersicht-ueber-den-reiseverlauf\\\/#article\",\"isPartOf\":{\"@id\":\"https:\\\/\\\/www.familie-papp.de\\\/reisen\\\/reiseberichte\\\/europa\\\/2014-oesterreich-kleinwalsertal\\\/2014-kleinwalsertal-uebersicht-ueber-den-reiseverlauf\\\/\"},\"author\":{\"name\":\"Chris\",\"@id\":\"https:\\\/\\\/www.familie-papp.de\\\/reisen\\\/#\\\/schema\\\/person\\\/5c31a83093ce724f3bf8ae666747d594\"},\"headline\":\"2014 Kleinwalsertal &#8211; Reiseverlauf\",\"datePublished\":\"2014-01-14T07:40:12+00:00\",\"dateModified\":\"2019-05-07T11:55:00+00:00\",\"mainEntityOfPage\":{\"@id\":\"https:\\\/\\\/www.familie-papp.de\\\/reisen\\\/reiseberichte\\\/europa\\\/2014-oesterreich-kleinwalsertal\\\/2014-kleinwalsertal-uebersicht-ueber-den-reiseverlauf\\\/\"},\"wordCount\":55,\"commentCount\":1,\"image\":{\"@id\":\"https:\\\/\\\/www.familie-papp.de\\\/reisen\\\/reiseberichte\\\/europa\\\/2014-oesterreich-kleinwalsertal\\\/2014-kleinwalsertal-uebersicht-ueber-den-reiseverlauf\\\/#primaryimage\"},\"thumbnailUrl\":\"https:\\\/\\\/www.familie-papp.de\\\/reisen\\\/wp-content\\\/uploads\\\/2014\\\/01\\\/2014-Kleinwalsertal1.png\",\"articleSection\":[\"2014 \u00d6sterreich - Kleinwalsertal\"],\"inLanguage\":\"de\",\"potentialAction\":[{\"@type\":\"CommentAction\",\"name\":\"Comment\",\"target\":[\"https:\\\/\\\/www.familie-papp.de\\\/reisen\\\/reiseberichte\\\/europa\\\/2014-oesterreich-kleinwalsertal\\\/2014-kleinwalsertal-uebersicht-ueber-den-reiseverlauf\\\/#respond\"]}]},{\"@type\":\"WebPage\",\"@id\":\"https:\\\/\\\/www.familie-papp.de\\\/reisen\\\/reiseberichte\\\/europa\\\/2014-oesterreich-kleinwalsertal\\\/2014-kleinwalsertal-uebersicht-ueber-den-reiseverlauf\\\/\",\"url\":\"https:\\\/\\\/www.familie-papp.de\\\/reisen\\\/reiseberichte\\\/europa\\\/2014-oesterreich-kleinwalsertal\\\/2014-kleinwalsertal-uebersicht-ueber-den-reiseverlauf\\\/\",\"name\":\"2014 Kleinwalsertal - Reiseverlauf - Reiseberichte\",\"isPartOf\":{\"@id\":\"https:\\\/\\\/www.familie-papp.de\\\/reisen\\\/#website\"},\"primaryImageOfPage\":{\"@id\":\"https:\\\/\\\/www.familie-papp.de\\\/reisen\\\/reiseberichte\\\/europa\\\/2014-oesterreich-kleinwalsertal\\\/2014-kleinwalsertal-uebersicht-ueber-den-reiseverlauf\\\/#primaryimage\"},\"image\":{\"@id\":\"https:\\\/\\\/www.familie-papp.de\\\/reisen\\\/reiseberichte\\\/europa\\\/2014-oesterreich-kleinwalsertal\\\/2014-kleinwalsertal-uebersicht-ueber-den-reiseverlauf\\\/#primaryimage\"},\"thumbnailUrl\":\"https:\\\/\\\/www.familie-papp.de\\\/reisen\\\/wp-content\\\/uploads\\\/2014\\\/01\\\/2014-Kleinwalsertal1.png\",\"datePublished\":\"2014-01-14T07:40:12+00:00\",\"dateModified\":\"2019-05-07T11:55:00+00:00\",\"author\":{\"@id\":\"https:\\\/\\\/www.familie-papp.de\\\/reisen\\\/#\\\/schema\\\/person\\\/5c31a83093ce724f3bf8ae666747d594\"},\"description\":\"Auf dieser Webseite findest du pers\u00f6nliche Reiseberichte unserer Reisen. 2012 USA Westk\u00fcste, 2011 USA Ostk\u00fcste, 2013 Barcelona und viele mehr...\",\"breadcrumb\":{\"@id\":\"https:\\\/\\\/www.familie-papp.de\\\/reisen\\\/reiseberichte\\\/europa\\\/2014-oesterreich-kleinwalsertal\\\/2014-kleinwalsertal-uebersicht-ueber-den-reiseverlauf\\\/#breadcrumb\"},\"inLanguage\":\"de\",\"potentialAction\":[{\"@type\":\"ReadAction\",\"target\":[\"https:\\\/\\\/www.familie-papp.de\\\/reisen\\\/reiseberichte\\\/europa\\\/2014-oesterreich-kleinwalsertal\\\/2014-kleinwalsertal-uebersicht-ueber-den-reiseverlauf\\\/\"]}]},{\"@type\":\"ImageObject\",\"inLanguage\":\"de\",\"@id\":\"https:\\\/\\\/www.familie-papp.de\\\/reisen\\\/reiseberichte\\\/europa\\\/2014-oesterreich-kleinwalsertal\\\/2014-kleinwalsertal-uebersicht-ueber-den-reiseverlauf\\\/#primaryimage\",\"url\":\"https:\\\/\\\/www.familie-papp.de\\\/reisen\\\/wp-content\\\/uploads\\\/2014\\\/01\\\/2014-Kleinwalsertal1.png\",\"contentUrl\":\"https:\\\/\\\/www.familie-papp.de\\\/reisen\\\/wp-content\\\/uploads\\\/2014\\\/01\\\/2014-Kleinwalsertal1.png\",\"width\":252,\"height\":200},{\"@type\":\"BreadcrumbList\",\"@id\":\"https:\\\/\\\/www.familie-papp.de\\\/reisen\\\/reiseberichte\\\/europa\\\/2014-oesterreich-kleinwalsertal\\\/2014-kleinwalsertal-uebersicht-ueber-den-reiseverlauf\\\/#breadcrumb\",\"itemListElement\":[{\"@type\":\"ListItem\",\"position\":1,\"name\":\"Home\",\"item\":\"https:\\\/\\\/www.familie-papp.de\\\/reisen\\\/\"},{\"@type\":\"ListItem\",\"position\":2,\"name\":\"Reiseberichte\",\"item\":\"https:\\\/\\\/www.familie-papp.de\\\/reisen\\\/reiseberichte\\\/\"},{\"@type\":\"ListItem\",\"position\":3,\"name\":\"Europa\",\"item\":\"https:\\\/\\\/www.familie-papp.de\\\/reisen\\\/reiseberichte\\\/europa\\\/\"},{\"@type\":\"ListItem\",\"position\":4,\"name\":\"2014 \u00d6sterreich - Kleinwalsertal\",\"item\":\"https:\\\/\\\/www.familie-papp.de\\\/reisen\\\/reiseberichte\\\/europa\\\/2014-oesterreich-kleinwalsertal\\\/\"},{\"@type\":\"ListItem\",\"position\":5,\"name\":\"2014 Kleinwalsertal &#8211; Reiseverlauf\"}]},{\"@type\":\"WebSite\",\"@id\":\"https:\\\/\\\/www.familie-papp.de\\\/reisen\\\/#website\",\"url\":\"https:\\\/\\\/www.familie-papp.de\\\/reisen\\\/\",\"name\":\"Reiseberichte\",\"description\":\"In der Welt zu Hause\",\"potentialAction\":[{\"@type\":\"SearchAction\",\"target\":{\"@type\":\"EntryPoint\",\"urlTemplate\":\"https:\\\/\\\/www.familie-papp.de\\\/reisen\\\/?s={search_term_string}\"},\"query-input\":{\"@type\":\"PropertyValueSpecification\",\"valueRequired\":true,\"valueName\":\"search_term_string\"}}],\"inLanguage\":\"de\"},{\"@type\":\"Person\",\"@id\":\"https:\\\/\\\/www.familie-papp.de\\\/reisen\\\/#\\\/schema\\\/person\\\/5c31a83093ce724f3bf8ae666747d594\",\"name\":\"Chris\",\"image\":{\"@type\":\"ImageObject\",\"inLanguage\":\"de\",\"@id\":\"https:\\\/\\\/secure.gravatar.com\\\/avatar\\\/0cf5839b7ec8f1b70a67375077e5371750abe2976101128f778c8b2b7d7de6c4?s=96&d=mm&r=g\",\"url\":\"https:\\\/\\\/secure.gravatar.com\\\/avatar\\\/0cf5839b7ec8f1b70a67375077e5371750abe2976101128f778c8b2b7d7de6c4?s=96&d=mm&r=g\",\"contentUrl\":\"https:\\\/\\\/secure.gravatar.com\\\/avatar\\\/0cf5839b7ec8f1b70a67375077e5371750abe2976101128f778c8b2b7d7de6c4?s=96&d=mm&r=g\",\"caption\":\"Chris\"},\"sameAs\":[\"https:\\\/\\\/familie-papp.de\",\"https:\\\/\\\/x.com\\\/chris_papp_de\"],\"url\":\"https:\\\/\\\/www.familie-papp.de\\\/reisen\\\/author\\\/chris\\\/\"}]}<\/script>\n<!-- \/ Yoast SEO plugin. -->","yoast_head_json":{"title":"2014 Kleinwalsertal - Reiseverlauf - Reiseberichte","description":"Auf dieser Webseite findest du pers\u00f6nliche Reiseberichte unserer Reisen. 2012 USA Westk\u00fcste, 2011 USA Ostk\u00fcste, 2013 Barcelona und viele mehr...","robots":{"index":"index","follow":"follow","max-snippet":"max-snippet:-1","max-image-preview":"max-image-preview:large","max-video-preview":"max-video-preview:-1"},"canonical":"https:\/\/www.familie-papp.de\/reisen\/reiseberichte\/europa\/2014-oesterreich-kleinwalsertal\/2014-kleinwalsertal-uebersicht-ueber-den-reiseverlauf\/","og_locale":"de_DE","og_type":"article","og_title":"2014 Kleinwalsertal - Reiseverlauf - Reiseberichte","og_description":"Auf dieser Webseite findest du pers\u00f6nliche Reiseberichte unserer Reisen. 2012 USA Westk\u00fcste, 2011 USA Ostk\u00fcste, 2013 Barcelona und viele mehr...","og_url":"https:\/\/www.familie-papp.de\/reisen\/reiseberichte\/europa\/2014-oesterreich-kleinwalsertal\/2014-kleinwalsertal-uebersicht-ueber-den-reiseverlauf\/","og_site_name":"Reiseberichte","article_published_time":"2014-01-14T07:40:12+00:00","article_modified_time":"2019-05-07T11:55:00+00:00","og_image":[{"width":252,"height":200,"url":"https:\/\/www.familie-papp.de\/reisen\/wp-content\/uploads\/2014\/01\/2014-Kleinwalsertal1.png","type":"image\/png"}],"author":"Chris","twitter_card":"summary_large_image","twitter_creator":"@chris_papp_de","twitter_site":"@chris_papp_de","twitter_misc":{"Verfasst von":"Chris"},"schema":{"@context":"https:\/\/schema.org","@graph":[{"@type":"Article","@id":"https:\/\/www.familie-papp.de\/reisen\/reiseberichte\/europa\/2014-oesterreich-kleinwalsertal\/2014-kleinwalsertal-uebersicht-ueber-den-reiseverlauf\/#article","isPartOf":{"@id":"https:\/\/www.familie-papp.de\/reisen\/reiseberichte\/europa\/2014-oesterreich-kleinwalsertal\/2014-kleinwalsertal-uebersicht-ueber-den-reiseverlauf\/"},"author":{"name":"Chris","@id":"https:\/\/www.familie-papp.de\/reisen\/#\/schema\/person\/5c31a83093ce724f3bf8ae666747d594"},"headline":"2014 Kleinwalsertal &#8211; Reiseverlauf","datePublished":"2014-01-14T07:40:12+00:00","dateModified":"2019-05-07T11:55:00+00:00","mainEntityOfPage":{"@id":"https:\/\/www.familie-papp.de\/reisen\/reiseberichte\/europa\/2014-oesterreich-kleinwalsertal\/2014-kleinwalsertal-uebersicht-ueber-den-reiseverlauf\/"},"wordCount":55,"commentCount":1,"image":{"@id":"https:\/\/www.familie-papp.de\/reisen\/reiseberichte\/europa\/2014-oesterreich-kleinwalsertal\/2014-kleinwalsertal-uebersicht-ueber-den-reiseverlauf\/#primaryimage"},"thumbnailUrl":"https:\/\/www.familie-papp.de\/reisen\/wp-content\/uploads\/2014\/01\/2014-Kleinwalsertal1.png","articleSection":["2014 \u00d6sterreich - Kleinwalsertal"],"inLanguage":"de","potentialAction":[{"@type":"CommentAction","name":"Comment","target":["https:\/\/www.familie-papp.de\/reisen\/reiseberichte\/europa\/2014-oesterreich-kleinwalsertal\/2014-kleinwalsertal-uebersicht-ueber-den-reiseverlauf\/#respond"]}]},{"@type":"WebPage","@id":"https:\/\/www.familie-papp.de\/reisen\/reiseberichte\/europa\/2014-oesterreich-kleinwalsertal\/2014-kleinwalsertal-uebersicht-ueber-den-reiseverlauf\/","url":"https:\/\/www.familie-papp.de\/reisen\/reiseberichte\/europa\/2014-oesterreich-kleinwalsertal\/2014-kleinwalsertal-uebersicht-ueber-den-reiseverlauf\/","name":"2014 Kleinwalsertal - Reiseverlauf - Reiseberichte","isPartOf":{"@id":"https:\/\/www.familie-papp.de\/reisen\/#website"},"primaryImageOfPage":{"@id":"https:\/\/www.familie-papp.de\/reisen\/reiseberichte\/europa\/2014-oesterreich-kleinwalsertal\/2014-kleinwalsertal-uebersicht-ueber-den-reiseverlauf\/#primaryimage"},"image":{"@id":"https:\/\/www.familie-papp.de\/reisen\/reiseberichte\/europa\/2014-oesterreich-kleinwalsertal\/2014-kleinwalsertal-uebersicht-ueber-den-reiseverlauf\/#primaryimage"},"thumbnailUrl":"https:\/\/www.familie-papp.de\/reisen\/wp-content\/uploads\/2014\/01\/2014-Kleinwalsertal1.png","datePublished":"2014-01-14T07:40:12+00:00","dateModified":"2019-05-07T11:55:00+00:00","author":{"@id":"https:\/\/www.familie-papp.de\/reisen\/#\/schema\/person\/5c31a83093ce724f3bf8ae666747d594"},"description":"Auf dieser Webseite findest du pers\u00f6nliche Reiseberichte unserer Reisen. 2012 USA Westk\u00fcste, 2011 USA Ostk\u00fcste, 2013 Barcelona und viele mehr...","breadcrumb":{"@id":"https:\/\/www.familie-papp.de\/reisen\/reiseberichte\/europa\/2014-oesterreich-kleinwalsertal\/2014-kleinwalsertal-uebersicht-ueber-den-reiseverlauf\/#breadcrumb"},"inLanguage":"de","potentialAction":[{"@type":"ReadAction","target":["https:\/\/www.familie-papp.de\/reisen\/reiseberichte\/europa\/2014-oesterreich-kleinwalsertal\/2014-kleinwalsertal-uebersicht-ueber-den-reiseverlauf\/"]}]},{"@type":"ImageObject","inLanguage":"de","@id":"https:\/\/www.familie-papp.de\/reisen\/reiseberichte\/europa\/2014-oesterreich-kleinwalsertal\/2014-kleinwalsertal-uebersicht-ueber-den-reiseverlauf\/#primaryimage","url":"https:\/\/www.familie-papp.de\/reisen\/wp-content\/uploads\/2014\/01\/2014-Kleinwalsertal1.png","contentUrl":"https:\/\/www.familie-papp.de\/reisen\/wp-content\/uploads\/2014\/01\/2014-Kleinwalsertal1.png","width":252,"height":200},{"@type":"BreadcrumbList","@id":"https:\/\/www.familie-papp.de\/reisen\/reiseberichte\/europa\/2014-oesterreich-kleinwalsertal\/2014-kleinwalsertal-uebersicht-ueber-den-reiseverlauf\/#breadcrumb","itemListElement":[{"@type":"ListItem","position":1,"name":"Home","item":"https:\/\/www.familie-papp.de\/reisen\/"},{"@type":"ListItem","position":2,"name":"Reiseberichte","item":"https:\/\/www.familie-papp.de\/reisen\/reiseberichte\/"},{"@type":"ListItem","position":3,"name":"Europa","item":"https:\/\/www.familie-papp.de\/reisen\/reiseberichte\/europa\/"},{"@type":"ListItem","position":4,"name":"2014 \u00d6sterreich - Kleinwalsertal","item":"https:\/\/www.familie-papp.de\/reisen\/reiseberichte\/europa\/2014-oesterreich-kleinwalsertal\/"},{"@type":"ListItem","position":5,"name":"2014 Kleinwalsertal &#8211; Reiseverlauf"}]},{"@type":"WebSite","@id":"https:\/\/www.familie-papp.de\/reisen\/#website","url":"https:\/\/www.familie-papp.de\/reisen\/","name":"Reiseberichte","description":"In der Welt zu Hause","potentialAction":[{"@type":"SearchAction","target":{"@type":"EntryPoint","urlTemplate":"https:\/\/www.familie-papp.de\/reisen\/?s={search_term_string}"},"query-input":{"@type":"PropertyValueSpecification","valueRequired":true,"valueName":"search_term_string"}}],"inLanguage":"de"},{"@type":"Person","@id":"https:\/\/www.familie-papp.de\/reisen\/#\/schema\/person\/5c31a83093ce724f3bf8ae666747d594","name":"Chris","image":{"@type":"ImageObject","inLanguage":"de","@id":"https:\/\/secure.gravatar.com\/avatar\/0cf5839b7ec8f1b70a67375077e5371750abe2976101128f778c8b2b7d7de6c4?s=96&d=mm&r=g","url":"https:\/\/secure.gravatar.com\/avatar\/0cf5839b7ec8f1b70a67375077e5371750abe2976101128f778c8b2b7d7de6c4?s=96&d=mm&r=g","contentUrl":"https:\/\/secure.gravatar.com\/avatar\/0cf5839b7ec8f1b70a67375077e5371750abe2976101128f778c8b2b7d7de6c4?s=96&d=mm&r=g","caption":"Chris"},"sameAs":["https:\/\/familie-papp.de","https:\/\/x.com\/chris_papp_de"],"url":"https:\/\/www.familie-papp.de\/reisen\/author\/chris\/"}]}},"_links":{"self":[{"href":"https:\/\/www.familie-papp.de\/reisen\/wp-json\/wp\/v2\/posts\/1342","targetHints":{"allow":["GET"]}}],"collection":[{"href":"https:\/\/www.familie-papp.de\/reisen\/wp-json\/wp\/v2\/posts"}],"about":[{"href":"https:\/\/www.familie-papp.de\/reisen\/wp-json\/wp\/v2\/types\/post"}],"author":[{"embeddable":true,"href":"https:\/\/www.familie-papp.de\/reisen\/wp-json\/wp\/v2\/users\/6"}],"replies":[{"embeddable":true,"href":"https:\/\/www.familie-papp.de\/reisen\/wp-json\/wp\/v2\/comments?post=1342"}],"version-history":[{"count":7,"href":"https:\/\/www.familie-papp.de\/reisen\/wp-json\/wp\/v2\/posts\/1342\/revisions"}],"predecessor-version":[{"id":2282,"href":"https:\/\/www.familie-papp.de\/reisen\/wp-json\/wp\/v2\/posts\/1342\/revisions\/2282"}],"wp:featuredmedia":[{"embeddable":true,"href":"https:\/\/www.familie-papp.de\/reisen\/wp-json\/wp\/v2\/media\/1368"}],"wp:attachment":[{"href":"https:\/\/www.familie-papp.de\/reisen\/wp-json\/wp\/v2\/media?parent=1342"}],"wp:term":[{"taxonomy":"category","embeddable":true,"href":"https:\/\/www.familie-papp.de\/reisen\/wp-json\/wp\/v2\/categories?post=1342"},{"taxonomy":"post_tag","embeddable":true,"href":"https:\/\/www.familie-papp.de\/reisen\/wp-json\/wp\/v2\/tags?post=1342"}],"curies":[{"name":"wp","href":"https:\/\/api.w.org\/{rel}","templated":true}]}}