{"id":1348,"date":"2014-01-14T09:58:54","date_gmt":"2014-01-14T07:58:54","guid":{"rendered":"https:\/\/www.familie-papp.de\/reisen\/?p=1348"},"modified":"2020-08-03T13:18:52","modified_gmt":"2020-08-03T11:18:52","slug":"2014-kleinwalsertal-2-hirschegg-und-baad","status":"publish","type":"post","link":"https:\/\/www.familie-papp.de\/reisen\/reiseberichte\/europa\/2014-oesterreich-kleinwalsertal\/2014-kleinwalsertal-2-hirschegg-und-baad\/","title":{"rendered":"2014 Kleinwalsertal &#8211; 2. Hirschegg und Baad"},"content":{"rendered":"<table border=\"0\" align=\"center\">\n<tbody>\n<tr>\n<td style=\"text-align: left;\"><a title=\"2014 Kleinwalsertal \u2013 Anreise nach Mittelberg\" href=\"https:\/\/www.familie-papp.de\/reisen\/reiseberichte\/europa\/2014-oesterreich-kleinwalsertal\/2014-kleinwalsertal-anreise-nach-mittelberg\/\">\u2039\u00a0Zur\u00fcck<\/a><\/td>\n<td style=\"text-align: center;\"><a title=\"2014 Kleinwalsertal \u2013 \u00dcbersicht \u00fcber den Reiseverlauf\" href=\"https:\/\/www.familie-papp.de\/reisen\/reiseberichte\/europa\/2014-oesterreich-kleinwalsertal\/2014-kleinwalsertal-uebersicht-ueber-den-reiseverlauf\/\">Reiseverlauf<\/a><\/td>\n<td style=\"text-align: right;\"><a title=\"3. Hoher Ifen \u2013 Keinwalsertal\" href=\"https:\/\/www.familie-papp.de\/reisen\/reiseberichte\/europa\/2014-oesterreich-kleinwalsertal\/3-hoher-ifen-keinwalsertal\/\">Weiter\u00a0\u203a<\/a><\/td>\n<\/tr>\n<\/tbody>\n<\/table>\n<p>Hirschegg und Baad im Kleinwalsertal \u00d6sterreich.\u00a0Auch Nichtskifahrern bietet das Tal zahlreiche M\u00f6glichkeiten. So sind wir am folge Tag bei starkem Schneefall einen der zahlreichen gut pr\u00e4parierten und ausgeschilderten Winterwanderwege abgegangen, durch verschneite Schluchten bis hinauf zur Almh\u00fctte B\u00e4rgunt vom \u00d6rtchen Baad aus. Hier haben wir leckeren Gl\u00fchwein getrunken und eine Kleinigkeit gegessen. Schnurgerade f\u00fchrt der Winterwanderweg neben der gespurten Loipe von Baad aus zur\u00fcck nach Mittelberg. Neben der Bergbahn in Hirschegg befindet sich ein Tourismuszentrum, hier kann man sich frisch machen und einen annehmbaren Automatenkaffee ziehen, um eine kleine Pause einzulegen.<\/p>\n<p>Die kleinen, wie Perlen an der Hauptstra\u00dfe des Tals angeordneten, \u00d6rtchen bieten auch viele M\u00f6glichkeiten Geld auszugeben, in Schmuck-, Klamotten- und Handwerkskunst-L\u00e4den. Es gibt auch einige Gesch\u00e4fte, die traditionelle Produkte aus der Region anbieten. Vor unserer Abreise haben wir und mit K\u00e4se, Wurst und Bergbauern-Kr\u00e4utertee eingedeckt.<\/p>\n<h3>Unterwegs bei Hirschegg<\/h3>\nngg_shortcode_0_placeholder\n<h3>Bilder<\/h3>\nngg_shortcode_1_placeholder\n<h3><span style=\"font-size: 1.17em;\">Karte<\/span><\/h3>\n\n<table border=\"0\" align=\"center\">\n<tbody>\n<tr>\n<td style=\"text-align: left;\"><a title=\"2014 Kleinwalsertal \u2013 Anreise nach Mittelberg\" href=\"https:\/\/www.familie-papp.de\/reisen\/reiseberichte\/europa\/2014-oesterreich-kleinwalsertal\/2014-kleinwalsertal-anreise-nach-mittelberg\/\">\u2039\u00a0Zur\u00fcck<\/a><\/td>\n<td style=\"text-align: center;\"><a title=\"2014 Kleinwalsertal \u2013 \u00dcbersicht \u00fcber den Reiseverlauf\" href=\"https:\/\/www.familie-papp.de\/reisen\/reiseberichte\/europa\/2014-oesterreich-kleinwalsertal\/2014-kleinwalsertal-uebersicht-ueber-den-reiseverlauf\/\">Reiseverlauf<\/a><\/td>\n<td style=\"text-align: right;\"><a title=\"3. Hoher Ifen \u2013 Keinwalsertal\" href=\"https:\/\/www.familie-papp.de\/reisen\/reiseberichte\/europa\/2014-oesterreich-kleinwalsertal\/3-hoher-ifen-keinwalsertal\/\">Weiter\u00a0\u203a<\/a><\/td>\n<\/tr>\n<\/tbody>\n<\/table>\n","protected":false},"excerpt":{"rendered":"<p>Hirschegg und Baad im Kleinwalsertal \u00d6sterreich. Auch Nichtskifahrern bietet das Tal zahlreiche M\u00f6glichkeiten. <a class=\"more-link\" href=\"https:\/\/www.familie-papp.de\/reisen\/reiseberichte\/europa\/2014-oesterreich-kleinwalsertal\/2014-kleinwalsertal-2-hirschegg-und-baad\/\"><span class=\"screen-reader-text\">  2014 Kleinwalsertal &#8211; 2. Hirschegg und Baad<\/span> weiterlesen<span class=\"meta-nav\">&rarr;<\/span><\/a><\/p>\n","protected":false},"author":6,"featured_media":1370,"comment_status":"open","ping_status":"open","sticky":false,"template":"","format":"standard","meta":{"ngg_post_thumbnail":0,"footnotes":""},"categories":[19],"tags":[],"class_list":["post-1348","post","type-post","status-publish","format-standard","has-post-thumbnail","hentry","category-2014-oesterreich-kleinwalsertal"],"yoast_head":"<!-- This site is optimized with the Yoast SEO plugin v27.4 - https:\/\/yoast.com\/product\/yoast-seo-wordpress\/ -->\n<title>2014 Kleinwalsertal - 2. Hirschegg und Baad - Reiseberichte<\/title>\n<meta name=\"description\" content=\"Auf dieser Webseite findest du pers\u00f6nliche Reiseberichte unserer Reisen. 2012 USA Westk\u00fcste, 2011 USA Ostk\u00fcste, 2013 Barcelona und viele mehr...\" \/>\n<meta name=\"robots\" content=\"index, follow, max-snippet:-1, max-image-preview:large, max-video-preview:-1\" \/>\n<link rel=\"canonical\" href=\"https:\/\/www.familie-papp.de\/reisen\/reiseberichte\/europa\/2014-oesterreich-kleinwalsertal\/2014-kleinwalsertal-2-hirschegg-und-baad\/\" \/>\n<meta property=\"og:locale\" content=\"de_DE\" \/>\n<meta property=\"og:type\" content=\"article\" \/>\n<meta property=\"og:title\" content=\"2014 Kleinwalsertal - 2. Hirschegg und Baad - Reiseberichte\" \/>\n<meta property=\"og:description\" content=\"Auf dieser Webseite findest du pers\u00f6nliche Reiseberichte unserer Reisen. 2012 USA Westk\u00fcste, 2011 USA Ostk\u00fcste, 2013 Barcelona und viele mehr...\" \/>\n<meta property=\"og:url\" content=\"https:\/\/www.familie-papp.de\/reisen\/reiseberichte\/europa\/2014-oesterreich-kleinwalsertal\/2014-kleinwalsertal-2-hirschegg-und-baad\/\" \/>\n<meta property=\"og:site_name\" content=\"Reiseberichte\" \/>\n<meta property=\"article:published_time\" content=\"2014-01-14T07:58:54+00:00\" \/>\n<meta property=\"article:modified_time\" content=\"2020-08-03T11:18:52+00:00\" \/>\n<meta property=\"og:image\" content=\"https:\/\/www.familie-papp.de\/reisen\/wp-content\/uploads\/ngg_featured\/oesterreich-kleinwalsertal-006.jpg\" \/>\n\t<meta property=\"og:image:width\" content=\"1022\" \/>\n\t<meta property=\"og:image:height\" content=\"764\" \/>\n\t<meta property=\"og:image:type\" content=\"image\/jpeg\" \/>\n<meta name=\"author\" content=\"Chris\" \/>\n<meta name=\"twitter:card\" content=\"summary_large_image\" \/>\n<meta name=\"twitter:creator\" content=\"@chris_papp_de\" \/>\n<meta name=\"twitter:site\" content=\"@chris_papp_de\" \/>\n<meta name=\"twitter:label1\" content=\"Verfasst von\" \/>\n\t<meta name=\"twitter:data1\" content=\"Chris\" \/>\n\t<meta name=\"twitter:label2\" content=\"Gesch\u00e4tzte Lesezeit\" \/>\n\t<meta name=\"twitter:data2\" content=\"1\u00a0Minute\" \/>\n<script type=\"application\/ld+json\" class=\"yoast-schema-graph\">{\"@context\":\"https:\\\/\\\/schema.org\",\"@graph\":[{\"@type\":\"Article\",\"@id\":\"https:\\\/\\\/www.familie-papp.de\\\/reisen\\\/reiseberichte\\\/europa\\\/2014-oesterreich-kleinwalsertal\\\/2014-kleinwalsertal-2-hirschegg-und-baad\\\/#article\",\"isPartOf\":{\"@id\":\"https:\\\/\\\/www.familie-papp.de\\\/reisen\\\/reiseberichte\\\/europa\\\/2014-oesterreich-kleinwalsertal\\\/2014-kleinwalsertal-2-hirschegg-und-baad\\\/\"},\"author\":{\"name\":\"Chris\",\"@id\":\"https:\\\/\\\/www.familie-papp.de\\\/reisen\\\/#\\\/schema\\\/person\\\/5c31a83093ce724f3bf8ae666747d594\"},\"headline\":\"2014 Kleinwalsertal &#8211; 2. Hirschegg und Baad\",\"datePublished\":\"2014-01-14T07:58:54+00:00\",\"dateModified\":\"2020-08-03T11:18:52+00:00\",\"mainEntityOfPage\":{\"@id\":\"https:\\\/\\\/www.familie-papp.de\\\/reisen\\\/reiseberichte\\\/europa\\\/2014-oesterreich-kleinwalsertal\\\/2014-kleinwalsertal-2-hirschegg-und-baad\\\/\"},\"wordCount\":179,\"commentCount\":0,\"image\":{\"@id\":\"https:\\\/\\\/www.familie-papp.de\\\/reisen\\\/reiseberichte\\\/europa\\\/2014-oesterreich-kleinwalsertal\\\/2014-kleinwalsertal-2-hirschegg-und-baad\\\/#primaryimage\"},\"thumbnailUrl\":\"https:\\\/\\\/www.familie-papp.de\\\/reisen\\\/wp-content\\\/uploads\\\/ngg_featured\\\/oesterreich-kleinwalsertal-006.jpg\",\"articleSection\":[\"2014 \u00d6sterreich - Kleinwalsertal\"],\"inLanguage\":\"de\",\"potentialAction\":[{\"@type\":\"CommentAction\",\"name\":\"Comment\",\"target\":[\"https:\\\/\\\/www.familie-papp.de\\\/reisen\\\/reiseberichte\\\/europa\\\/2014-oesterreich-kleinwalsertal\\\/2014-kleinwalsertal-2-hirschegg-und-baad\\\/#respond\"]}]},{\"@type\":\"WebPage\",\"@id\":\"https:\\\/\\\/www.familie-papp.de\\\/reisen\\\/reiseberichte\\\/europa\\\/2014-oesterreich-kleinwalsertal\\\/2014-kleinwalsertal-2-hirschegg-und-baad\\\/\",\"url\":\"https:\\\/\\\/www.familie-papp.de\\\/reisen\\\/reiseberichte\\\/europa\\\/2014-oesterreich-kleinwalsertal\\\/2014-kleinwalsertal-2-hirschegg-und-baad\\\/\",\"name\":\"2014 Kleinwalsertal - 2. Hirschegg und Baad - Reiseberichte\",\"isPartOf\":{\"@id\":\"https:\\\/\\\/www.familie-papp.de\\\/reisen\\\/#website\"},\"primaryImageOfPage\":{\"@id\":\"https:\\\/\\\/www.familie-papp.de\\\/reisen\\\/reiseberichte\\\/europa\\\/2014-oesterreich-kleinwalsertal\\\/2014-kleinwalsertal-2-hirschegg-und-baad\\\/#primaryimage\"},\"image\":{\"@id\":\"https:\\\/\\\/www.familie-papp.de\\\/reisen\\\/reiseberichte\\\/europa\\\/2014-oesterreich-kleinwalsertal\\\/2014-kleinwalsertal-2-hirschegg-und-baad\\\/#primaryimage\"},\"thumbnailUrl\":\"https:\\\/\\\/www.familie-papp.de\\\/reisen\\\/wp-content\\\/uploads\\\/ngg_featured\\\/oesterreich-kleinwalsertal-006.jpg\",\"datePublished\":\"2014-01-14T07:58:54+00:00\",\"dateModified\":\"2020-08-03T11:18:52+00:00\",\"author\":{\"@id\":\"https:\\\/\\\/www.familie-papp.de\\\/reisen\\\/#\\\/schema\\\/person\\\/5c31a83093ce724f3bf8ae666747d594\"},\"description\":\"Auf dieser Webseite findest du pers\u00f6nliche Reiseberichte unserer Reisen. 2012 USA Westk\u00fcste, 2011 USA Ostk\u00fcste, 2013 Barcelona und viele mehr...\",\"breadcrumb\":{\"@id\":\"https:\\\/\\\/www.familie-papp.de\\\/reisen\\\/reiseberichte\\\/europa\\\/2014-oesterreich-kleinwalsertal\\\/2014-kleinwalsertal-2-hirschegg-und-baad\\\/#breadcrumb\"},\"inLanguage\":\"de\",\"potentialAction\":[{\"@type\":\"ReadAction\",\"target\":[\"https:\\\/\\\/www.familie-papp.de\\\/reisen\\\/reiseberichte\\\/europa\\\/2014-oesterreich-kleinwalsertal\\\/2014-kleinwalsertal-2-hirschegg-und-baad\\\/\"]}]},{\"@type\":\"ImageObject\",\"inLanguage\":\"de\",\"@id\":\"https:\\\/\\\/www.familie-papp.de\\\/reisen\\\/reiseberichte\\\/europa\\\/2014-oesterreich-kleinwalsertal\\\/2014-kleinwalsertal-2-hirschegg-und-baad\\\/#primaryimage\",\"url\":\"https:\\\/\\\/www.familie-papp.de\\\/reisen\\\/wp-content\\\/uploads\\\/ngg_featured\\\/oesterreich-kleinwalsertal-006.jpg\",\"contentUrl\":\"https:\\\/\\\/www.familie-papp.de\\\/reisen\\\/wp-content\\\/uploads\\\/ngg_featured\\\/oesterreich-kleinwalsertal-006.jpg\",\"width\":1022,\"height\":764},{\"@type\":\"BreadcrumbList\",\"@id\":\"https:\\\/\\\/www.familie-papp.de\\\/reisen\\\/reiseberichte\\\/europa\\\/2014-oesterreich-kleinwalsertal\\\/2014-kleinwalsertal-2-hirschegg-und-baad\\\/#breadcrumb\",\"itemListElement\":[{\"@type\":\"ListItem\",\"position\":1,\"name\":\"Home\",\"item\":\"https:\\\/\\\/www.familie-papp.de\\\/reisen\\\/\"},{\"@type\":\"ListItem\",\"position\":2,\"name\":\"Reiseberichte\",\"item\":\"https:\\\/\\\/www.familie-papp.de\\\/reisen\\\/reiseberichte\\\/\"},{\"@type\":\"ListItem\",\"position\":3,\"name\":\"Europa\",\"item\":\"https:\\\/\\\/www.familie-papp.de\\\/reisen\\\/reiseberichte\\\/europa\\\/\"},{\"@type\":\"ListItem\",\"position\":4,\"name\":\"2014 \u00d6sterreich - Kleinwalsertal\",\"item\":\"https:\\\/\\\/www.familie-papp.de\\\/reisen\\\/reiseberichte\\\/europa\\\/2014-oesterreich-kleinwalsertal\\\/\"},{\"@type\":\"ListItem\",\"position\":5,\"name\":\"2014 Kleinwalsertal &#8211; 2. Hirschegg und Baad\"}]},{\"@type\":\"WebSite\",\"@id\":\"https:\\\/\\\/www.familie-papp.de\\\/reisen\\\/#website\",\"url\":\"https:\\\/\\\/www.familie-papp.de\\\/reisen\\\/\",\"name\":\"Reiseberichte\",\"description\":\"In der Welt zu Hause\",\"potentialAction\":[{\"@type\":\"SearchAction\",\"target\":{\"@type\":\"EntryPoint\",\"urlTemplate\":\"https:\\\/\\\/www.familie-papp.de\\\/reisen\\\/?s={search_term_string}\"},\"query-input\":{\"@type\":\"PropertyValueSpecification\",\"valueRequired\":true,\"valueName\":\"search_term_string\"}}],\"inLanguage\":\"de\"},{\"@type\":\"Person\",\"@id\":\"https:\\\/\\\/www.familie-papp.de\\\/reisen\\\/#\\\/schema\\\/person\\\/5c31a83093ce724f3bf8ae666747d594\",\"name\":\"Chris\",\"image\":{\"@type\":\"ImageObject\",\"inLanguage\":\"de\",\"@id\":\"https:\\\/\\\/secure.gravatar.com\\\/avatar\\\/0cf5839b7ec8f1b70a67375077e5371750abe2976101128f778c8b2b7d7de6c4?s=96&d=mm&r=g\",\"url\":\"https:\\\/\\\/secure.gravatar.com\\\/avatar\\\/0cf5839b7ec8f1b70a67375077e5371750abe2976101128f778c8b2b7d7de6c4?s=96&d=mm&r=g\",\"contentUrl\":\"https:\\\/\\\/secure.gravatar.com\\\/avatar\\\/0cf5839b7ec8f1b70a67375077e5371750abe2976101128f778c8b2b7d7de6c4?s=96&d=mm&r=g\",\"caption\":\"Chris\"},\"sameAs\":[\"https:\\\/\\\/familie-papp.de\",\"https:\\\/\\\/x.com\\\/chris_papp_de\"],\"url\":\"https:\\\/\\\/www.familie-papp.de\\\/reisen\\\/author\\\/chris\\\/\"}]}<\/script>\n<!-- \/ Yoast SEO plugin. -->","yoast_head_json":{"title":"2014 Kleinwalsertal - 2. Hirschegg und Baad - Reiseberichte","description":"Auf dieser Webseite findest du pers\u00f6nliche Reiseberichte unserer Reisen. 2012 USA Westk\u00fcste, 2011 USA Ostk\u00fcste, 2013 Barcelona und viele mehr...","robots":{"index":"index","follow":"follow","max-snippet":"max-snippet:-1","max-image-preview":"max-image-preview:large","max-video-preview":"max-video-preview:-1"},"canonical":"https:\/\/www.familie-papp.de\/reisen\/reiseberichte\/europa\/2014-oesterreich-kleinwalsertal\/2014-kleinwalsertal-2-hirschegg-und-baad\/","og_locale":"de_DE","og_type":"article","og_title":"2014 Kleinwalsertal - 2. Hirschegg und Baad - Reiseberichte","og_description":"Auf dieser Webseite findest du pers\u00f6nliche Reiseberichte unserer Reisen. 2012 USA Westk\u00fcste, 2011 USA Ostk\u00fcste, 2013 Barcelona und viele mehr...","og_url":"https:\/\/www.familie-papp.de\/reisen\/reiseberichte\/europa\/2014-oesterreich-kleinwalsertal\/2014-kleinwalsertal-2-hirschegg-und-baad\/","og_site_name":"Reiseberichte","article_published_time":"2014-01-14T07:58:54+00:00","article_modified_time":"2020-08-03T11:18:52+00:00","og_image":[{"width":1022,"height":764,"url":"https:\/\/www.familie-papp.de\/reisen\/wp-content\/uploads\/ngg_featured\/oesterreich-kleinwalsertal-006.jpg","type":"image\/jpeg"}],"author":"Chris","twitter_card":"summary_large_image","twitter_creator":"@chris_papp_de","twitter_site":"@chris_papp_de","twitter_misc":{"Verfasst von":"Chris","Gesch\u00e4tzte Lesezeit":"1\u00a0Minute"},"schema":{"@context":"https:\/\/schema.org","@graph":[{"@type":"Article","@id":"https:\/\/www.familie-papp.de\/reisen\/reiseberichte\/europa\/2014-oesterreich-kleinwalsertal\/2014-kleinwalsertal-2-hirschegg-und-baad\/#article","isPartOf":{"@id":"https:\/\/www.familie-papp.de\/reisen\/reiseberichte\/europa\/2014-oesterreich-kleinwalsertal\/2014-kleinwalsertal-2-hirschegg-und-baad\/"},"author":{"name":"Chris","@id":"https:\/\/www.familie-papp.de\/reisen\/#\/schema\/person\/5c31a83093ce724f3bf8ae666747d594"},"headline":"2014 Kleinwalsertal &#8211; 2. Hirschegg und Baad","datePublished":"2014-01-14T07:58:54+00:00","dateModified":"2020-08-03T11:18:52+00:00","mainEntityOfPage":{"@id":"https:\/\/www.familie-papp.de\/reisen\/reiseberichte\/europa\/2014-oesterreich-kleinwalsertal\/2014-kleinwalsertal-2-hirschegg-und-baad\/"},"wordCount":179,"commentCount":0,"image":{"@id":"https:\/\/www.familie-papp.de\/reisen\/reiseberichte\/europa\/2014-oesterreich-kleinwalsertal\/2014-kleinwalsertal-2-hirschegg-und-baad\/#primaryimage"},"thumbnailUrl":"https:\/\/www.familie-papp.de\/reisen\/wp-content\/uploads\/ngg_featured\/oesterreich-kleinwalsertal-006.jpg","articleSection":["2014 \u00d6sterreich - Kleinwalsertal"],"inLanguage":"de","potentialAction":[{"@type":"CommentAction","name":"Comment","target":["https:\/\/www.familie-papp.de\/reisen\/reiseberichte\/europa\/2014-oesterreich-kleinwalsertal\/2014-kleinwalsertal-2-hirschegg-und-baad\/#respond"]}]},{"@type":"WebPage","@id":"https:\/\/www.familie-papp.de\/reisen\/reiseberichte\/europa\/2014-oesterreich-kleinwalsertal\/2014-kleinwalsertal-2-hirschegg-und-baad\/","url":"https:\/\/www.familie-papp.de\/reisen\/reiseberichte\/europa\/2014-oesterreich-kleinwalsertal\/2014-kleinwalsertal-2-hirschegg-und-baad\/","name":"2014 Kleinwalsertal - 2. Hirschegg und Baad - Reiseberichte","isPartOf":{"@id":"https:\/\/www.familie-papp.de\/reisen\/#website"},"primaryImageOfPage":{"@id":"https:\/\/www.familie-papp.de\/reisen\/reiseberichte\/europa\/2014-oesterreich-kleinwalsertal\/2014-kleinwalsertal-2-hirschegg-und-baad\/#primaryimage"},"image":{"@id":"https:\/\/www.familie-papp.de\/reisen\/reiseberichte\/europa\/2014-oesterreich-kleinwalsertal\/2014-kleinwalsertal-2-hirschegg-und-baad\/#primaryimage"},"thumbnailUrl":"https:\/\/www.familie-papp.de\/reisen\/wp-content\/uploads\/ngg_featured\/oesterreich-kleinwalsertal-006.jpg","datePublished":"2014-01-14T07:58:54+00:00","dateModified":"2020-08-03T11:18:52+00:00","author":{"@id":"https:\/\/www.familie-papp.de\/reisen\/#\/schema\/person\/5c31a83093ce724f3bf8ae666747d594"},"description":"Auf dieser Webseite findest du pers\u00f6nliche Reiseberichte unserer Reisen. 2012 USA Westk\u00fcste, 2011 USA Ostk\u00fcste, 2013 Barcelona und viele mehr...","breadcrumb":{"@id":"https:\/\/www.familie-papp.de\/reisen\/reiseberichte\/europa\/2014-oesterreich-kleinwalsertal\/2014-kleinwalsertal-2-hirschegg-und-baad\/#breadcrumb"},"inLanguage":"de","potentialAction":[{"@type":"ReadAction","target":["https:\/\/www.familie-papp.de\/reisen\/reiseberichte\/europa\/2014-oesterreich-kleinwalsertal\/2014-kleinwalsertal-2-hirschegg-und-baad\/"]}]},{"@type":"ImageObject","inLanguage":"de","@id":"https:\/\/www.familie-papp.de\/reisen\/reiseberichte\/europa\/2014-oesterreich-kleinwalsertal\/2014-kleinwalsertal-2-hirschegg-und-baad\/#primaryimage","url":"https:\/\/www.familie-papp.de\/reisen\/wp-content\/uploads\/ngg_featured\/oesterreich-kleinwalsertal-006.jpg","contentUrl":"https:\/\/www.familie-papp.de\/reisen\/wp-content\/uploads\/ngg_featured\/oesterreich-kleinwalsertal-006.jpg","width":1022,"height":764},{"@type":"BreadcrumbList","@id":"https:\/\/www.familie-papp.de\/reisen\/reiseberichte\/europa\/2014-oesterreich-kleinwalsertal\/2014-kleinwalsertal-2-hirschegg-und-baad\/#breadcrumb","itemListElement":[{"@type":"ListItem","position":1,"name":"Home","item":"https:\/\/www.familie-papp.de\/reisen\/"},{"@type":"ListItem","position":2,"name":"Reiseberichte","item":"https:\/\/www.familie-papp.de\/reisen\/reiseberichte\/"},{"@type":"ListItem","position":3,"name":"Europa","item":"https:\/\/www.familie-papp.de\/reisen\/reiseberichte\/europa\/"},{"@type":"ListItem","position":4,"name":"2014 \u00d6sterreich - Kleinwalsertal","item":"https:\/\/www.familie-papp.de\/reisen\/reiseberichte\/europa\/2014-oesterreich-kleinwalsertal\/"},{"@type":"ListItem","position":5,"name":"2014 Kleinwalsertal &#8211; 2. Hirschegg und Baad"}]},{"@type":"WebSite","@id":"https:\/\/www.familie-papp.de\/reisen\/#website","url":"https:\/\/www.familie-papp.de\/reisen\/","name":"Reiseberichte","description":"In der Welt zu Hause","potentialAction":[{"@type":"SearchAction","target":{"@type":"EntryPoint","urlTemplate":"https:\/\/www.familie-papp.de\/reisen\/?s={search_term_string}"},"query-input":{"@type":"PropertyValueSpecification","valueRequired":true,"valueName":"search_term_string"}}],"inLanguage":"de"},{"@type":"Person","@id":"https:\/\/www.familie-papp.de\/reisen\/#\/schema\/person\/5c31a83093ce724f3bf8ae666747d594","name":"Chris","image":{"@type":"ImageObject","inLanguage":"de","@id":"https:\/\/secure.gravatar.com\/avatar\/0cf5839b7ec8f1b70a67375077e5371750abe2976101128f778c8b2b7d7de6c4?s=96&d=mm&r=g","url":"https:\/\/secure.gravatar.com\/avatar\/0cf5839b7ec8f1b70a67375077e5371750abe2976101128f778c8b2b7d7de6c4?s=96&d=mm&r=g","contentUrl":"https:\/\/secure.gravatar.com\/avatar\/0cf5839b7ec8f1b70a67375077e5371750abe2976101128f778c8b2b7d7de6c4?s=96&d=mm&r=g","caption":"Chris"},"sameAs":["https:\/\/familie-papp.de","https:\/\/x.com\/chris_papp_de"],"url":"https:\/\/www.familie-papp.de\/reisen\/author\/chris\/"}]}},"_links":{"self":[{"href":"https:\/\/www.familie-papp.de\/reisen\/wp-json\/wp\/v2\/posts\/1348","targetHints":{"allow":["GET"]}}],"collection":[{"href":"https:\/\/www.familie-papp.de\/reisen\/wp-json\/wp\/v2\/posts"}],"about":[{"href":"https:\/\/www.familie-papp.de\/reisen\/wp-json\/wp\/v2\/types\/post"}],"author":[{"embeddable":true,"href":"https:\/\/www.familie-papp.de\/reisen\/wp-json\/wp\/v2\/users\/6"}],"replies":[{"embeddable":true,"href":"https:\/\/www.familie-papp.de\/reisen\/wp-json\/wp\/v2\/comments?post=1348"}],"version-history":[{"count":8,"href":"https:\/\/www.familie-papp.de\/reisen\/wp-json\/wp\/v2\/posts\/1348\/revisions"}],"predecessor-version":[{"id":2286,"href":"https:\/\/www.familie-papp.de\/reisen\/wp-json\/wp\/v2\/posts\/1348\/revisions\/2286"}],"wp:featuredmedia":[{"embeddable":true,"href":"https:\/\/www.familie-papp.de\/reisen\/wp-json\/wp\/v2\/media\/1370"}],"wp:attachment":[{"href":"https:\/\/www.familie-papp.de\/reisen\/wp-json\/wp\/v2\/media?parent=1348"}],"wp:term":[{"taxonomy":"category","embeddable":true,"href":"https:\/\/www.familie-papp.de\/reisen\/wp-json\/wp\/v2\/categories?post=1348"},{"taxonomy":"post_tag","embeddable":true,"href":"https:\/\/www.familie-papp.de\/reisen\/wp-json\/wp\/v2\/tags?post=1348"}],"curies":[{"name":"wp","href":"https:\/\/api.w.org\/{rel}","templated":true}]}}