{"id":1809,"date":"2014-05-06T09:46:29","date_gmt":"2014-05-06T07:46:29","guid":{"rendered":"https:\/\/www.familie-papp.de\/reisen\/?p=1809"},"modified":"2019-05-07T13:43:18","modified_gmt":"2019-05-07T11:43:18","slug":"2014-paris-reiseverlauf","status":"publish","type":"post","link":"https:\/\/www.familie-papp.de\/reisen\/reiseberichte\/europa\/2014-frankreich-paris\/2014-paris-reiseverlauf\/","title":{"rendered":"2014 Paris &#8211; Reiseverlauf"},"content":{"rendered":"<table border=\"0\" align=\"center\">\n<tbody>\n<tr>\n<td><a title=\"Reiseberichte\" href=\"https:\/\/www.familie-papp.de\/reisen\/uebersicht-reiseberichte\/\">Alle Reiseberichte<\/a><\/td>\n<td><\/td>\n<td style=\"text-align: right;\"><a title=\"2014 Paris \u2013 1. Anreise nach Paris und der Eiffelturm\" href=\"https:\/\/www.familie-papp.de\/reisen\/reiseberichte\/europa\/2014-frankreich-paris\/2014-paris-1-anreise-nach-paris-und-der-eiffelturm\/\">Weiter&nbsp;\u203a<\/a><\/td>\n<\/tr>\n<\/tbody>\n<\/table>\n<h3>Karte<\/h3>\n\n<p><span style=\"font-size: 22px; font-weight: bold;\">Reisedetails<\/span><\/p>\n<p><strong>Datum: <\/strong>30.04.-03.05.2014<br \/>\n<strong>Startpunkt:<\/strong> Paris, Frankreich<br \/>\n<strong>Endpunkt:<\/strong> Paris, Frankreich<\/p>\n<h3>Verlauf<\/h3>\n<table style=\"width: 100%;\" border=\"0\" cellspacing=\"0\" cellpadding=\"0\">\n<colgroup>\n<col width=\"84\">\n<col width=\"133\">\n<col width=\"92\"><\/colgroup>\n<tbody>\n<tr>\n<td width=\"84\" height=\"20\"><strong>Datum<\/strong><\/td>\n<td style=\"text-align: left;\" width=\"92\"><strong>Beschreibung<\/strong><\/td>\n<td style=\"text-align: right;\" width=\"92\"><strong>Reisebericht<\/strong><\/td>\n<\/tr>\n<tr>\n<td height=\"20\">30.04.2014<\/td>\n<td align=\"right\">Anreise mit dem TGV<\/td>\n<td align=\"right\"><\/td>\n<\/tr>\n<tr>\n<td height=\"20\"><\/td>\n<td align=\"right\">Paris &#8211; Eiffelturm<\/td>\n<td align=\"right\"><a title=\"2014 Paris \u2013 1. Anreise nach Paris und der Eiffelturm\" href=\"https:\/\/www.familie-papp.de\/reisen\/reiseberichte\/europa\/2014-frankreich-paris\/2014-paris-1-anreise-nach-paris-und-der-eiffelturm\/\">1. Anreise nach Paris und der Eiffelturm<\/a><\/td>\n<\/tr>\n<tr>\n<td height=\"20\"><\/td>\n<td align=\"right\"><\/td>\n<td align=\"right\"><\/td>\n<\/tr>\n<tr>\n<td height=\"20\">01.05.2014<\/td>\n<td align=\"right\">Paris &#8211; Notre Dame<\/td>\n<td align=\"right\"><a title=\"2014 Paris \u2013 2. Notre Dame in Paris\" href=\"https:\/\/www.familie-papp.de\/reisen\/reiseberichte\/europa\/2014-frankreich-paris\/2014-paris-2-notre-dame-paris\/\">2. Notre Dame in Paris<\/a><\/td>\n<\/tr>\n<tr>\n<td height=\"20\"><\/td>\n<td align=\"right\"><\/td>\n<td align=\"right\"><\/td>\n<\/tr>\n<tr>\n<td height=\"20\">02.05.2014<\/td>\n<td align=\"right\">Versailles &#8211; Ile de France<\/td>\n<td align=\"right\"><a title=\"2014 Paris \u2013 3. Versailles in der Ile de France\" href=\"https:\/\/www.familie-papp.de\/reisen\/reiseberichte\/europa\/2014-frankreich-paris\/2014-paris-3-versailles-der-ile-de-france\/\">3. Versailles in der Ile de France<\/a><\/td>\n<\/tr>\n<tr>\n<td height=\"20\"><\/td>\n<td align=\"right\"><\/td>\n<td align=\"right\"><\/td>\n<\/tr>\n<tr>\n<td height=\"20\">03.05.2014<\/td>\n<td align=\"right\">Paris &#8211; Louvre<\/td>\n<td align=\"right\"><a title=\"2014 Paris \u2013 4. Louvre und Sacre Coer in Paris\" href=\"https:\/\/www.familie-papp.de\/reisen\/reiseberichte\/europa\/2014-frankreich-paris\/2014-paris-4-louvre-und-sacre-coer-paris\/\">4. Louvre und Sacre Coer<\/a><\/td>\n<\/tr>\n<tr>\n<td height=\"20\"><\/td>\n<td align=\"right\"><\/td>\n<td align=\"right\"><\/td>\n<\/tr>\n<tr>\n<td height=\"20\">03.05.2014<\/td>\n<td align=\"right\">R\u00fcckkehr mit dem TGV<\/td>\n<td align=\"right\"><\/td>\n<\/tr>\n<\/tbody>\n<\/table>\n<table border=\"0\" align=\"center\">\n<tbody>\n<tr>\n<td><a title=\"Reiseberichte\" href=\"https:\/\/www.familie-papp.de\/reisen\/uebersicht-reiseberichte\/\">Alle Reiseberichte<\/a><\/td>\n<td><\/td>\n<td style=\"text-align: right;\"><a title=\"2014 Paris \u2013 1. Anreise nach Paris und der Eiffelturm\" href=\"https:\/\/www.familie-papp.de\/reisen\/reiseberichte\/europa\/2014-frankreich-paris\/2014-paris-1-anreise-nach-paris-und-der-eiffelturm\/\">Weiter&nbsp;\u203a<\/a><\/td>\n<\/tr>\n<\/tbody>\n<\/table>\n","protected":false},"excerpt":{"rendered":"<p>Datum: 30.04.-03.05.2014<br \/>\nStartpunkt: Paris, Frankreich<br \/>\nEndpunkt: Paris, Frankreich<br \/>\n <a class=\"more-link\" href=\"https:\/\/www.familie-papp.de\/reisen\/reiseberichte\/europa\/2014-frankreich-paris\/2014-paris-reiseverlauf\/\"><span class=\"screen-reader-text\">  2014 Paris &#8211; Reiseverlauf<\/span> weiterlesen<span class=\"meta-nav\">&rarr;<\/span><\/a><\/p>\n","protected":false},"author":1,"featured_media":1839,"comment_status":"open","ping_status":"closed","sticky":false,"template":"","format":"standard","meta":{"ngg_post_thumbnail":0,"footnotes":""},"categories":[20],"tags":[],"class_list":["post-1809","post","type-post","status-publish","format-standard","has-post-thumbnail","hentry","category-2014-frankreich-paris"],"yoast_head":"<!-- This site is optimized with the Yoast SEO plugin v27.5 - https:\/\/yoast.com\/product\/yoast-seo-wordpress\/ -->\n<title>2014 Paris - Reiseverlauf - Reiseberichte<\/title>\n<meta name=\"description\" content=\"Auf dieser Webseite findest du pers\u00f6nliche Reiseberichte unserer Reisen. 2012 USA Westk\u00fcste, 2011 USA Ostk\u00fcste, 2013 Barcelona und viele mehr...\" \/>\n<meta name=\"robots\" content=\"index, follow, max-snippet:-1, max-image-preview:large, max-video-preview:-1\" \/>\n<link rel=\"canonical\" href=\"https:\/\/www.familie-papp.de\/reisen\/reiseberichte\/europa\/2014-frankreich-paris\/2014-paris-reiseverlauf\/\" \/>\n<meta property=\"og:locale\" content=\"de_DE\" \/>\n<meta property=\"og:type\" content=\"article\" \/>\n<meta property=\"og:title\" content=\"2014 Paris - Reiseverlauf - Reiseberichte\" \/>\n<meta property=\"og:description\" content=\"Auf dieser Webseite findest du pers\u00f6nliche Reiseberichte unserer Reisen. 2012 USA Westk\u00fcste, 2011 USA Ostk\u00fcste, 2013 Barcelona und viele mehr...\" \/>\n<meta property=\"og:url\" content=\"https:\/\/www.familie-papp.de\/reisen\/reiseberichte\/europa\/2014-frankreich-paris\/2014-paris-reiseverlauf\/\" \/>\n<meta property=\"og:site_name\" content=\"Reiseberichte\" \/>\n<meta property=\"article:published_time\" content=\"2014-05-06T07:46:29+00:00\" \/>\n<meta property=\"article:modified_time\" content=\"2019-05-07T11:43:18+00:00\" \/>\n<meta property=\"og:image\" content=\"https:\/\/www.familie-papp.de\/reisen\/wp-content\/uploads\/2014\/05\/2014-Paris-Karte.png\" \/>\n\t<meta property=\"og:image:width\" content=\"257\" \/>\n\t<meta property=\"og:image:height\" content=\"200\" \/>\n\t<meta property=\"og:image:type\" content=\"image\/png\" \/>\n<meta name=\"author\" content=\"admin\" \/>\n<meta name=\"twitter:card\" content=\"summary_large_image\" \/>\n<meta name=\"twitter:creator\" content=\"@chris_papp_de\" \/>\n<meta name=\"twitter:site\" content=\"@chris_papp_de\" \/>\n<meta name=\"twitter:label1\" content=\"Verfasst von\" \/>\n\t<meta name=\"twitter:data1\" content=\"admin\" \/>\n<script type=\"application\/ld+json\" class=\"yoast-schema-graph\">{\"@context\":\"https:\\\/\\\/schema.org\",\"@graph\":[{\"@type\":\"Article\",\"@id\":\"https:\\\/\\\/www.familie-papp.de\\\/reisen\\\/reiseberichte\\\/europa\\\/2014-frankreich-paris\\\/2014-paris-reiseverlauf\\\/#article\",\"isPartOf\":{\"@id\":\"https:\\\/\\\/www.familie-papp.de\\\/reisen\\\/reiseberichte\\\/europa\\\/2014-frankreich-paris\\\/2014-paris-reiseverlauf\\\/\"},\"author\":{\"name\":\"admin\",\"@id\":\"https:\\\/\\\/www.familie-papp.de\\\/reisen\\\/#\\\/schema\\\/person\\\/d107f07b4626d64d37116d50358b271d\"},\"headline\":\"2014 Paris &#8211; Reiseverlauf\",\"datePublished\":\"2014-05-06T07:46:29+00:00\",\"dateModified\":\"2019-05-07T11:43:18+00:00\",\"mainEntityOfPage\":{\"@id\":\"https:\\\/\\\/www.familie-papp.de\\\/reisen\\\/reiseberichte\\\/europa\\\/2014-frankreich-paris\\\/2014-paris-reiseverlauf\\\/\"},\"wordCount\":71,\"commentCount\":0,\"image\":{\"@id\":\"https:\\\/\\\/www.familie-papp.de\\\/reisen\\\/reiseberichte\\\/europa\\\/2014-frankreich-paris\\\/2014-paris-reiseverlauf\\\/#primaryimage\"},\"thumbnailUrl\":\"https:\\\/\\\/www.familie-papp.de\\\/reisen\\\/wp-content\\\/uploads\\\/2014\\\/05\\\/2014-Paris-Karte.png\",\"articleSection\":[\"2014 Frankreich - Paris\"],\"inLanguage\":\"de\",\"potentialAction\":[{\"@type\":\"CommentAction\",\"name\":\"Comment\",\"target\":[\"https:\\\/\\\/www.familie-papp.de\\\/reisen\\\/reiseberichte\\\/europa\\\/2014-frankreich-paris\\\/2014-paris-reiseverlauf\\\/#respond\"]}]},{\"@type\":\"WebPage\",\"@id\":\"https:\\\/\\\/www.familie-papp.de\\\/reisen\\\/reiseberichte\\\/europa\\\/2014-frankreich-paris\\\/2014-paris-reiseverlauf\\\/\",\"url\":\"https:\\\/\\\/www.familie-papp.de\\\/reisen\\\/reiseberichte\\\/europa\\\/2014-frankreich-paris\\\/2014-paris-reiseverlauf\\\/\",\"name\":\"2014 Paris - Reiseverlauf - Reiseberichte\",\"isPartOf\":{\"@id\":\"https:\\\/\\\/www.familie-papp.de\\\/reisen\\\/#website\"},\"primaryImageOfPage\":{\"@id\":\"https:\\\/\\\/www.familie-papp.de\\\/reisen\\\/reiseberichte\\\/europa\\\/2014-frankreich-paris\\\/2014-paris-reiseverlauf\\\/#primaryimage\"},\"image\":{\"@id\":\"https:\\\/\\\/www.familie-papp.de\\\/reisen\\\/reiseberichte\\\/europa\\\/2014-frankreich-paris\\\/2014-paris-reiseverlauf\\\/#primaryimage\"},\"thumbnailUrl\":\"https:\\\/\\\/www.familie-papp.de\\\/reisen\\\/wp-content\\\/uploads\\\/2014\\\/05\\\/2014-Paris-Karte.png\",\"datePublished\":\"2014-05-06T07:46:29+00:00\",\"dateModified\":\"2019-05-07T11:43:18+00:00\",\"author\":{\"@id\":\"https:\\\/\\\/www.familie-papp.de\\\/reisen\\\/#\\\/schema\\\/person\\\/d107f07b4626d64d37116d50358b271d\"},\"description\":\"Auf dieser Webseite findest du pers\u00f6nliche Reiseberichte unserer Reisen. 2012 USA Westk\u00fcste, 2011 USA Ostk\u00fcste, 2013 Barcelona und viele mehr...\",\"breadcrumb\":{\"@id\":\"https:\\\/\\\/www.familie-papp.de\\\/reisen\\\/reiseberichte\\\/europa\\\/2014-frankreich-paris\\\/2014-paris-reiseverlauf\\\/#breadcrumb\"},\"inLanguage\":\"de\",\"potentialAction\":[{\"@type\":\"ReadAction\",\"target\":[\"https:\\\/\\\/www.familie-papp.de\\\/reisen\\\/reiseberichte\\\/europa\\\/2014-frankreich-paris\\\/2014-paris-reiseverlauf\\\/\"]}]},{\"@type\":\"ImageObject\",\"inLanguage\":\"de\",\"@id\":\"https:\\\/\\\/www.familie-papp.de\\\/reisen\\\/reiseberichte\\\/europa\\\/2014-frankreich-paris\\\/2014-paris-reiseverlauf\\\/#primaryimage\",\"url\":\"https:\\\/\\\/www.familie-papp.de\\\/reisen\\\/wp-content\\\/uploads\\\/2014\\\/05\\\/2014-Paris-Karte.png\",\"contentUrl\":\"https:\\\/\\\/www.familie-papp.de\\\/reisen\\\/wp-content\\\/uploads\\\/2014\\\/05\\\/2014-Paris-Karte.png\",\"width\":257,\"height\":200},{\"@type\":\"BreadcrumbList\",\"@id\":\"https:\\\/\\\/www.familie-papp.de\\\/reisen\\\/reiseberichte\\\/europa\\\/2014-frankreich-paris\\\/2014-paris-reiseverlauf\\\/#breadcrumb\",\"itemListElement\":[{\"@type\":\"ListItem\",\"position\":1,\"name\":\"Home\",\"item\":\"https:\\\/\\\/www.familie-papp.de\\\/reisen\\\/\"},{\"@type\":\"ListItem\",\"position\":2,\"name\":\"Reiseberichte\",\"item\":\"https:\\\/\\\/www.familie-papp.de\\\/reisen\\\/reiseberichte\\\/\"},{\"@type\":\"ListItem\",\"position\":3,\"name\":\"Europa\",\"item\":\"https:\\\/\\\/www.familie-papp.de\\\/reisen\\\/reiseberichte\\\/europa\\\/\"},{\"@type\":\"ListItem\",\"position\":4,\"name\":\"2014 Frankreich - Paris\",\"item\":\"https:\\\/\\\/www.familie-papp.de\\\/reisen\\\/reiseberichte\\\/europa\\\/2014-frankreich-paris\\\/\"},{\"@type\":\"ListItem\",\"position\":5,\"name\":\"2014 Paris &#8211; Reiseverlauf\"}]},{\"@type\":\"WebSite\",\"@id\":\"https:\\\/\\\/www.familie-papp.de\\\/reisen\\\/#website\",\"url\":\"https:\\\/\\\/www.familie-papp.de\\\/reisen\\\/\",\"name\":\"Reiseberichte\",\"description\":\"In der Welt zu Hause\",\"potentialAction\":[{\"@type\":\"SearchAction\",\"target\":{\"@type\":\"EntryPoint\",\"urlTemplate\":\"https:\\\/\\\/www.familie-papp.de\\\/reisen\\\/?s={search_term_string}\"},\"query-input\":{\"@type\":\"PropertyValueSpecification\",\"valueRequired\":true,\"valueName\":\"search_term_string\"}}],\"inLanguage\":\"de\"},{\"@type\":\"Person\",\"@id\":\"https:\\\/\\\/www.familie-papp.de\\\/reisen\\\/#\\\/schema\\\/person\\\/d107f07b4626d64d37116d50358b271d\",\"name\":\"admin\",\"image\":{\"@type\":\"ImageObject\",\"inLanguage\":\"de\",\"@id\":\"https:\\\/\\\/secure.gravatar.com\\\/avatar\\\/93f7e474389cda0ebd50c1ce962750e92ff8bd6797f2601359ffb691c767093c?s=96&d=mm&r=g\",\"url\":\"https:\\\/\\\/secure.gravatar.com\\\/avatar\\\/93f7e474389cda0ebd50c1ce962750e92ff8bd6797f2601359ffb691c767093c?s=96&d=mm&r=g\",\"contentUrl\":\"https:\\\/\\\/secure.gravatar.com\\\/avatar\\\/93f7e474389cda0ebd50c1ce962750e92ff8bd6797f2601359ffb691c767093c?s=96&d=mm&r=g\",\"caption\":\"admin\"},\"url\":\"https:\\\/\\\/www.familie-papp.de\\\/reisen\\\/author\\\/admin\\\/\"}]}<\/script>\n<!-- \/ Yoast SEO plugin. -->","yoast_head_json":{"title":"2014 Paris - Reiseverlauf - Reiseberichte","description":"Auf dieser Webseite findest du pers\u00f6nliche Reiseberichte unserer Reisen. 2012 USA Westk\u00fcste, 2011 USA Ostk\u00fcste, 2013 Barcelona und viele mehr...","robots":{"index":"index","follow":"follow","max-snippet":"max-snippet:-1","max-image-preview":"max-image-preview:large","max-video-preview":"max-video-preview:-1"},"canonical":"https:\/\/www.familie-papp.de\/reisen\/reiseberichte\/europa\/2014-frankreich-paris\/2014-paris-reiseverlauf\/","og_locale":"de_DE","og_type":"article","og_title":"2014 Paris - Reiseverlauf - Reiseberichte","og_description":"Auf dieser Webseite findest du pers\u00f6nliche Reiseberichte unserer Reisen. 2012 USA Westk\u00fcste, 2011 USA Ostk\u00fcste, 2013 Barcelona und viele mehr...","og_url":"https:\/\/www.familie-papp.de\/reisen\/reiseberichte\/europa\/2014-frankreich-paris\/2014-paris-reiseverlauf\/","og_site_name":"Reiseberichte","article_published_time":"2014-05-06T07:46:29+00:00","article_modified_time":"2019-05-07T11:43:18+00:00","og_image":[{"width":257,"height":200,"url":"https:\/\/www.familie-papp.de\/reisen\/wp-content\/uploads\/2014\/05\/2014-Paris-Karte.png","type":"image\/png"}],"author":"admin","twitter_card":"summary_large_image","twitter_creator":"@chris_papp_de","twitter_site":"@chris_papp_de","twitter_misc":{"Verfasst von":"admin"},"schema":{"@context":"https:\/\/schema.org","@graph":[{"@type":"Article","@id":"https:\/\/www.familie-papp.de\/reisen\/reiseberichte\/europa\/2014-frankreich-paris\/2014-paris-reiseverlauf\/#article","isPartOf":{"@id":"https:\/\/www.familie-papp.de\/reisen\/reiseberichte\/europa\/2014-frankreich-paris\/2014-paris-reiseverlauf\/"},"author":{"name":"admin","@id":"https:\/\/www.familie-papp.de\/reisen\/#\/schema\/person\/d107f07b4626d64d37116d50358b271d"},"headline":"2014 Paris &#8211; Reiseverlauf","datePublished":"2014-05-06T07:46:29+00:00","dateModified":"2019-05-07T11:43:18+00:00","mainEntityOfPage":{"@id":"https:\/\/www.familie-papp.de\/reisen\/reiseberichte\/europa\/2014-frankreich-paris\/2014-paris-reiseverlauf\/"},"wordCount":71,"commentCount":0,"image":{"@id":"https:\/\/www.familie-papp.de\/reisen\/reiseberichte\/europa\/2014-frankreich-paris\/2014-paris-reiseverlauf\/#primaryimage"},"thumbnailUrl":"https:\/\/www.familie-papp.de\/reisen\/wp-content\/uploads\/2014\/05\/2014-Paris-Karte.png","articleSection":["2014 Frankreich - Paris"],"inLanguage":"de","potentialAction":[{"@type":"CommentAction","name":"Comment","target":["https:\/\/www.familie-papp.de\/reisen\/reiseberichte\/europa\/2014-frankreich-paris\/2014-paris-reiseverlauf\/#respond"]}]},{"@type":"WebPage","@id":"https:\/\/www.familie-papp.de\/reisen\/reiseberichte\/europa\/2014-frankreich-paris\/2014-paris-reiseverlauf\/","url":"https:\/\/www.familie-papp.de\/reisen\/reiseberichte\/europa\/2014-frankreich-paris\/2014-paris-reiseverlauf\/","name":"2014 Paris - Reiseverlauf - Reiseberichte","isPartOf":{"@id":"https:\/\/www.familie-papp.de\/reisen\/#website"},"primaryImageOfPage":{"@id":"https:\/\/www.familie-papp.de\/reisen\/reiseberichte\/europa\/2014-frankreich-paris\/2014-paris-reiseverlauf\/#primaryimage"},"image":{"@id":"https:\/\/www.familie-papp.de\/reisen\/reiseberichte\/europa\/2014-frankreich-paris\/2014-paris-reiseverlauf\/#primaryimage"},"thumbnailUrl":"https:\/\/www.familie-papp.de\/reisen\/wp-content\/uploads\/2014\/05\/2014-Paris-Karte.png","datePublished":"2014-05-06T07:46:29+00:00","dateModified":"2019-05-07T11:43:18+00:00","author":{"@id":"https:\/\/www.familie-papp.de\/reisen\/#\/schema\/person\/d107f07b4626d64d37116d50358b271d"},"description":"Auf dieser Webseite findest du pers\u00f6nliche Reiseberichte unserer Reisen. 2012 USA Westk\u00fcste, 2011 USA Ostk\u00fcste, 2013 Barcelona und viele mehr...","breadcrumb":{"@id":"https:\/\/www.familie-papp.de\/reisen\/reiseberichte\/europa\/2014-frankreich-paris\/2014-paris-reiseverlauf\/#breadcrumb"},"inLanguage":"de","potentialAction":[{"@type":"ReadAction","target":["https:\/\/www.familie-papp.de\/reisen\/reiseberichte\/europa\/2014-frankreich-paris\/2014-paris-reiseverlauf\/"]}]},{"@type":"ImageObject","inLanguage":"de","@id":"https:\/\/www.familie-papp.de\/reisen\/reiseberichte\/europa\/2014-frankreich-paris\/2014-paris-reiseverlauf\/#primaryimage","url":"https:\/\/www.familie-papp.de\/reisen\/wp-content\/uploads\/2014\/05\/2014-Paris-Karte.png","contentUrl":"https:\/\/www.familie-papp.de\/reisen\/wp-content\/uploads\/2014\/05\/2014-Paris-Karte.png","width":257,"height":200},{"@type":"BreadcrumbList","@id":"https:\/\/www.familie-papp.de\/reisen\/reiseberichte\/europa\/2014-frankreich-paris\/2014-paris-reiseverlauf\/#breadcrumb","itemListElement":[{"@type":"ListItem","position":1,"name":"Home","item":"https:\/\/www.familie-papp.de\/reisen\/"},{"@type":"ListItem","position":2,"name":"Reiseberichte","item":"https:\/\/www.familie-papp.de\/reisen\/reiseberichte\/"},{"@type":"ListItem","position":3,"name":"Europa","item":"https:\/\/www.familie-papp.de\/reisen\/reiseberichte\/europa\/"},{"@type":"ListItem","position":4,"name":"2014 Frankreich - Paris","item":"https:\/\/www.familie-papp.de\/reisen\/reiseberichte\/europa\/2014-frankreich-paris\/"},{"@type":"ListItem","position":5,"name":"2014 Paris &#8211; Reiseverlauf"}]},{"@type":"WebSite","@id":"https:\/\/www.familie-papp.de\/reisen\/#website","url":"https:\/\/www.familie-papp.de\/reisen\/","name":"Reiseberichte","description":"In der Welt zu Hause","potentialAction":[{"@type":"SearchAction","target":{"@type":"EntryPoint","urlTemplate":"https:\/\/www.familie-papp.de\/reisen\/?s={search_term_string}"},"query-input":{"@type":"PropertyValueSpecification","valueRequired":true,"valueName":"search_term_string"}}],"inLanguage":"de"},{"@type":"Person","@id":"https:\/\/www.familie-papp.de\/reisen\/#\/schema\/person\/d107f07b4626d64d37116d50358b271d","name":"admin","image":{"@type":"ImageObject","inLanguage":"de","@id":"https:\/\/secure.gravatar.com\/avatar\/93f7e474389cda0ebd50c1ce962750e92ff8bd6797f2601359ffb691c767093c?s=96&d=mm&r=g","url":"https:\/\/secure.gravatar.com\/avatar\/93f7e474389cda0ebd50c1ce962750e92ff8bd6797f2601359ffb691c767093c?s=96&d=mm&r=g","contentUrl":"https:\/\/secure.gravatar.com\/avatar\/93f7e474389cda0ebd50c1ce962750e92ff8bd6797f2601359ffb691c767093c?s=96&d=mm&r=g","caption":"admin"},"url":"https:\/\/www.familie-papp.de\/reisen\/author\/admin\/"}]}},"_links":{"self":[{"href":"https:\/\/www.familie-papp.de\/reisen\/wp-json\/wp\/v2\/posts\/1809","targetHints":{"allow":["GET"]}}],"collection":[{"href":"https:\/\/www.familie-papp.de\/reisen\/wp-json\/wp\/v2\/posts"}],"about":[{"href":"https:\/\/www.familie-papp.de\/reisen\/wp-json\/wp\/v2\/types\/post"}],"author":[{"embeddable":true,"href":"https:\/\/www.familie-papp.de\/reisen\/wp-json\/wp\/v2\/users\/1"}],"replies":[{"embeddable":true,"href":"https:\/\/www.familie-papp.de\/reisen\/wp-json\/wp\/v2\/comments?post=1809"}],"version-history":[{"count":8,"href":"https:\/\/www.familie-papp.de\/reisen\/wp-json\/wp\/v2\/posts\/1809\/revisions"}],"predecessor-version":[{"id":2289,"href":"https:\/\/www.familie-papp.de\/reisen\/wp-json\/wp\/v2\/posts\/1809\/revisions\/2289"}],"wp:featuredmedia":[{"embeddable":true,"href":"https:\/\/www.familie-papp.de\/reisen\/wp-json\/wp\/v2\/media\/1839"}],"wp:attachment":[{"href":"https:\/\/www.familie-papp.de\/reisen\/wp-json\/wp\/v2\/media?parent=1809"}],"wp:term":[{"taxonomy":"category","embeddable":true,"href":"https:\/\/www.familie-papp.de\/reisen\/wp-json\/wp\/v2\/categories?post=1809"},{"taxonomy":"post_tag","embeddable":true,"href":"https:\/\/www.familie-papp.de\/reisen\/wp-json\/wp\/v2\/tags?post=1809"}],"curies":[{"name":"wp","href":"https:\/\/api.w.org\/{rel}","templated":true}]}}