{"id":1811,"date":"2014-05-06T10:45:37","date_gmt":"2014-05-06T08:45:37","guid":{"rendered":"https:\/\/www.familie-papp.de\/reisen\/?p=1811"},"modified":"2020-08-03T13:20:03","modified_gmt":"2020-08-03T11:20:03","slug":"2014-paris-1-anreise-nach-paris-und-der-eiffelturm","status":"publish","type":"post","link":"https:\/\/www.familie-papp.de\/reisen\/reiseberichte\/europa\/2014-frankreich-paris\/2014-paris-1-anreise-nach-paris-und-der-eiffelturm\/","title":{"rendered":"2014 Paris &#8211; 1. Anreise nach Paris und der Eiffelturm"},"content":{"rendered":"<table border=\"0\" align=\"center\">\n<tbody>\n<tr>\n<td style=\"text-align: left;\"><a title=\"2014 Paris \u2013 Reiseverlauf\" href=\"https:\/\/www.familie-papp.de\/reisen\/reiseberichte\/europa\/2014-frankreich-paris\/2014-paris-reiseverlauf\/\">\u2039\u00a0Zur\u00fcck<\/a><\/td>\n<td style=\"text-align: center;\"><a title=\"2014 Paris \u2013 Reiseverlauf\" href=\"https:\/\/www.familie-papp.de\/reisen\/reiseberichte\/europa\/2014-frankreich-paris\/2014-paris-reiseverlauf\/\">Reiseverlauf<\/a><\/td>\n<td style=\"text-align: right;\"><a title=\"2014 Paris \u2013 2. Notre Dame in Paris\" href=\"https:\/\/www.familie-papp.de\/reisen\/reiseberichte\/europa\/2014-frankreich-paris\/2014-paris-2-notre-dame-paris\/\">Weiter\u00a0\u203a<\/a><\/td>\n<\/tr>\n<\/tbody>\n<\/table>\n<p>F\u00fcr unseren zweiten Besuch in Paris haben wir uns f\u00fcr die Anreise mit der Bahn entschieden. Von Stuttgart bis Paris mit dem TGV dauert es nur dreieinhalb Stunden. Mit Platzreservierung war die Reise komfortabel und entspannt. Wir sind am sp\u00e4ten Nachmittag angekommen und nachdem wir im Hotel eingecheckt hatten, ging es direkt in die Innenstadt zum Eiffelturm. So gegen Abend war die Schlange vor den Zug\u00e4ngen zum Turm nicht mehr ganz so lang und unser Warten wurde mit einer fantastischen Aussicht auf Paris in der Abendd\u00e4mmerung belohnt. Der Feiertag 01. Mai war insofern geschickt, dass wir ihn mit Br\u00fcckentag f\u00fcr ein l\u00e4ngeres Wochenende nutzen konnten. Was wir nicht bedacht hatten, auch in Frankreich war alles an diesem Feiertag geschlossen, s\u00e4mtliche Gesch\u00e4fte bis auf einzelne B\u00e4cker, Restaurants und Caf\u00e9s und s\u00e4mtliche Museen und Sehensw\u00fcrdigkeiten bis auf den Eiffelturm, vor dem sich an diesem Feiertag noch mehr Menschenmassen als sonst versammelt hatten. Von daher waren wir am n\u00e4chsten Tag sehr froh die Besichtigung schon am Vorabend gemacht zu haben.<\/p>\n<h3>Eiffelturm<\/h3>\nngg_shortcode_0_placeholder\n<h3>Bilder<\/h3>\nngg_shortcode_1_placeholder\n<h3><span style=\"font-size: 1.17em;\">Karte<\/span><\/h3>\n\n<table border=\"0\" align=\"center\">\n<tbody>\n<tr>\n<td style=\"text-align: left;\"><a title=\"2014 Paris \u2013 Reiseverlauf\" href=\"https:\/\/www.familie-papp.de\/reisen\/reiseberichte\/europa\/2014-frankreich-paris\/2014-paris-reiseverlauf\/\">\u2039\u00a0Zur\u00fcck<\/a><\/td>\n<td style=\"text-align: center;\"><a title=\"2014 Paris \u2013 Reiseverlauf\" href=\"https:\/\/www.familie-papp.de\/reisen\/reiseberichte\/europa\/2014-frankreich-paris\/2014-paris-reiseverlauf\/\">Reiseverlauf<\/a><\/td>\n<td style=\"text-align: right;\"><a title=\"2014 Paris \u2013 2. Notre Dame in Paris\" href=\"https:\/\/www.familie-papp.de\/reisen\/reiseberichte\/europa\/2014-frankreich-paris\/2014-paris-2-notre-dame-paris\/\">Weiter\u00a0\u203a<\/a><\/td>\n<\/tr>\n<\/tbody>\n<\/table>\n","protected":false},"excerpt":{"rendered":"<p>F\u00fcr unseren zweiten Besuch in Paris haben wir uns f\u00fcr die Anreise mit der Bahn entschieden. Von Stuttgart bis Paris mit dem TGV dauert es nur dreieinhalb Stunden. Mit Platzreservierung war die Reise komfortabel und entspannt. <a class=\"more-link\" href=\"https:\/\/www.familie-papp.de\/reisen\/reiseberichte\/europa\/2014-frankreich-paris\/2014-paris-1-anreise-nach-paris-und-der-eiffelturm\/\"><span class=\"screen-reader-text\">  2014 Paris &#8211; 1. Anreise nach Paris und der Eiffelturm<\/span> weiterlesen<span class=\"meta-nav\">&rarr;<\/span><\/a><\/p>\n","protected":false},"author":1,"featured_media":1852,"comment_status":"open","ping_status":"open","sticky":false,"template":"","format":"standard","meta":{"ngg_post_thumbnail":0,"footnotes":""},"categories":[20],"tags":[],"class_list":["post-1811","post","type-post","status-publish","format-standard","has-post-thumbnail","hentry","category-2014-frankreich-paris"],"yoast_head":"<!-- This site is optimized with the Yoast SEO plugin v27.5 - https:\/\/yoast.com\/product\/yoast-seo-wordpress\/ -->\n<title>2014 Paris - 1. Anreise nach Paris und der Eiffelturm - Reiseberichte<\/title>\n<meta name=\"description\" content=\"F\u00fcr unseren zweiten Besuch in Paris haben wir uns f\u00fcr die Anreise mit der Bahn entschieden. Von Stuttgart bis Paris mit dem TGV dauert es nur dreieinhalb Stunden. Mit Platzreservierung war die Reise komfortabel und entspannt.\" \/>\n<meta name=\"robots\" content=\"index, follow, max-snippet:-1, max-image-preview:large, max-video-preview:-1\" \/>\n<link rel=\"canonical\" href=\"https:\/\/www.familie-papp.de\/reisen\/reiseberichte\/europa\/2014-frankreich-paris\/2014-paris-1-anreise-nach-paris-und-der-eiffelturm\/\" \/>\n<meta property=\"og:locale\" content=\"de_DE\" \/>\n<meta property=\"og:type\" content=\"article\" \/>\n<meta property=\"og:title\" content=\"2014 Paris - 1. Anreise nach Paris und der Eiffelturm - Reiseberichte\" \/>\n<meta property=\"og:description\" content=\"F\u00fcr unseren zweiten Besuch in Paris haben wir uns f\u00fcr die Anreise mit der Bahn entschieden. Von Stuttgart bis Paris mit dem TGV dauert es nur dreieinhalb Stunden. Mit Platzreservierung war die Reise komfortabel und entspannt.\" \/>\n<meta property=\"og:url\" content=\"https:\/\/www.familie-papp.de\/reisen\/reiseberichte\/europa\/2014-frankreich-paris\/2014-paris-1-anreise-nach-paris-und-der-eiffelturm\/\" \/>\n<meta property=\"og:site_name\" content=\"Reiseberichte\" \/>\n<meta property=\"article:published_time\" content=\"2014-05-06T08:45:37+00:00\" \/>\n<meta property=\"article:modified_time\" content=\"2020-08-03T11:20:03+00:00\" \/>\n<meta property=\"og:image\" content=\"https:\/\/www.familie-papp.de\/reisen\/wp-content\/uploads\/ngg_featured\/20140430-Paris-000.JPG\" \/>\n\t<meta property=\"og:image:width\" content=\"1600\" \/>\n\t<meta property=\"og:image:height\" content=\"1067\" \/>\n\t<meta property=\"og:image:type\" content=\"image\/jpeg\" \/>\n<meta name=\"author\" content=\"admin\" \/>\n<meta name=\"twitter:card\" content=\"summary_large_image\" \/>\n<meta name=\"twitter:creator\" content=\"@chris_papp_de\" \/>\n<meta name=\"twitter:site\" content=\"@chris_papp_de\" \/>\n<meta name=\"twitter:label1\" content=\"Verfasst von\" \/>\n\t<meta name=\"twitter:data1\" content=\"admin\" \/>\n\t<meta name=\"twitter:label2\" content=\"Gesch\u00e4tzte Lesezeit\" \/>\n\t<meta name=\"twitter:data2\" content=\"1\u00a0Minute\" \/>\n<script type=\"application\/ld+json\" class=\"yoast-schema-graph\">{\"@context\":\"https:\\\/\\\/schema.org\",\"@graph\":[{\"@type\":\"Article\",\"@id\":\"https:\\\/\\\/www.familie-papp.de\\\/reisen\\\/reiseberichte\\\/europa\\\/2014-frankreich-paris\\\/2014-paris-1-anreise-nach-paris-und-der-eiffelturm\\\/#article\",\"isPartOf\":{\"@id\":\"https:\\\/\\\/www.familie-papp.de\\\/reisen\\\/reiseberichte\\\/europa\\\/2014-frankreich-paris\\\/2014-paris-1-anreise-nach-paris-und-der-eiffelturm\\\/\"},\"author\":{\"name\":\"admin\",\"@id\":\"https:\\\/\\\/www.familie-papp.de\\\/reisen\\\/#\\\/schema\\\/person\\\/d107f07b4626d64d37116d50358b271d\"},\"headline\":\"2014 Paris &#8211; 1. Anreise nach Paris und der Eiffelturm\",\"datePublished\":\"2014-05-06T08:45:37+00:00\",\"dateModified\":\"2020-08-03T11:20:03+00:00\",\"mainEntityOfPage\":{\"@id\":\"https:\\\/\\\/www.familie-papp.de\\\/reisen\\\/reiseberichte\\\/europa\\\/2014-frankreich-paris\\\/2014-paris-1-anreise-nach-paris-und-der-eiffelturm\\\/\"},\"wordCount\":210,\"commentCount\":0,\"image\":{\"@id\":\"https:\\\/\\\/www.familie-papp.de\\\/reisen\\\/reiseberichte\\\/europa\\\/2014-frankreich-paris\\\/2014-paris-1-anreise-nach-paris-und-der-eiffelturm\\\/#primaryimage\"},\"thumbnailUrl\":\"https:\\\/\\\/www.familie-papp.de\\\/reisen\\\/wp-content\\\/uploads\\\/ngg_featured\\\/20140430-Paris-000.JPG\",\"articleSection\":[\"2014 Frankreich - Paris\"],\"inLanguage\":\"de\",\"potentialAction\":[{\"@type\":\"CommentAction\",\"name\":\"Comment\",\"target\":[\"https:\\\/\\\/www.familie-papp.de\\\/reisen\\\/reiseberichte\\\/europa\\\/2014-frankreich-paris\\\/2014-paris-1-anreise-nach-paris-und-der-eiffelturm\\\/#respond\"]}]},{\"@type\":\"WebPage\",\"@id\":\"https:\\\/\\\/www.familie-papp.de\\\/reisen\\\/reiseberichte\\\/europa\\\/2014-frankreich-paris\\\/2014-paris-1-anreise-nach-paris-und-der-eiffelturm\\\/\",\"url\":\"https:\\\/\\\/www.familie-papp.de\\\/reisen\\\/reiseberichte\\\/europa\\\/2014-frankreich-paris\\\/2014-paris-1-anreise-nach-paris-und-der-eiffelturm\\\/\",\"name\":\"2014 Paris - 1. Anreise nach Paris und der Eiffelturm - Reiseberichte\",\"isPartOf\":{\"@id\":\"https:\\\/\\\/www.familie-papp.de\\\/reisen\\\/#website\"},\"primaryImageOfPage\":{\"@id\":\"https:\\\/\\\/www.familie-papp.de\\\/reisen\\\/reiseberichte\\\/europa\\\/2014-frankreich-paris\\\/2014-paris-1-anreise-nach-paris-und-der-eiffelturm\\\/#primaryimage\"},\"image\":{\"@id\":\"https:\\\/\\\/www.familie-papp.de\\\/reisen\\\/reiseberichte\\\/europa\\\/2014-frankreich-paris\\\/2014-paris-1-anreise-nach-paris-und-der-eiffelturm\\\/#primaryimage\"},\"thumbnailUrl\":\"https:\\\/\\\/www.familie-papp.de\\\/reisen\\\/wp-content\\\/uploads\\\/ngg_featured\\\/20140430-Paris-000.JPG\",\"datePublished\":\"2014-05-06T08:45:37+00:00\",\"dateModified\":\"2020-08-03T11:20:03+00:00\",\"author\":{\"@id\":\"https:\\\/\\\/www.familie-papp.de\\\/reisen\\\/#\\\/schema\\\/person\\\/d107f07b4626d64d37116d50358b271d\"},\"description\":\"F\u00fcr unseren zweiten Besuch in Paris haben wir uns f\u00fcr die Anreise mit der Bahn entschieden. Von Stuttgart bis Paris mit dem TGV dauert es nur dreieinhalb Stunden. Mit Platzreservierung war die Reise komfortabel und entspannt.\",\"breadcrumb\":{\"@id\":\"https:\\\/\\\/www.familie-papp.de\\\/reisen\\\/reiseberichte\\\/europa\\\/2014-frankreich-paris\\\/2014-paris-1-anreise-nach-paris-und-der-eiffelturm\\\/#breadcrumb\"},\"inLanguage\":\"de\",\"potentialAction\":[{\"@type\":\"ReadAction\",\"target\":[\"https:\\\/\\\/www.familie-papp.de\\\/reisen\\\/reiseberichte\\\/europa\\\/2014-frankreich-paris\\\/2014-paris-1-anreise-nach-paris-und-der-eiffelturm\\\/\"]}]},{\"@type\":\"ImageObject\",\"inLanguage\":\"de\",\"@id\":\"https:\\\/\\\/www.familie-papp.de\\\/reisen\\\/reiseberichte\\\/europa\\\/2014-frankreich-paris\\\/2014-paris-1-anreise-nach-paris-und-der-eiffelturm\\\/#primaryimage\",\"url\":\"https:\\\/\\\/www.familie-papp.de\\\/reisen\\\/wp-content\\\/uploads\\\/ngg_featured\\\/20140430-Paris-000.JPG\",\"contentUrl\":\"https:\\\/\\\/www.familie-papp.de\\\/reisen\\\/wp-content\\\/uploads\\\/ngg_featured\\\/20140430-Paris-000.JPG\",\"width\":1600,\"height\":1067},{\"@type\":\"BreadcrumbList\",\"@id\":\"https:\\\/\\\/www.familie-papp.de\\\/reisen\\\/reiseberichte\\\/europa\\\/2014-frankreich-paris\\\/2014-paris-1-anreise-nach-paris-und-der-eiffelturm\\\/#breadcrumb\",\"itemListElement\":[{\"@type\":\"ListItem\",\"position\":1,\"name\":\"Home\",\"item\":\"https:\\\/\\\/www.familie-papp.de\\\/reisen\\\/\"},{\"@type\":\"ListItem\",\"position\":2,\"name\":\"Reiseberichte\",\"item\":\"https:\\\/\\\/www.familie-papp.de\\\/reisen\\\/reiseberichte\\\/\"},{\"@type\":\"ListItem\",\"position\":3,\"name\":\"Europa\",\"item\":\"https:\\\/\\\/www.familie-papp.de\\\/reisen\\\/reiseberichte\\\/europa\\\/\"},{\"@type\":\"ListItem\",\"position\":4,\"name\":\"2014 Frankreich - Paris\",\"item\":\"https:\\\/\\\/www.familie-papp.de\\\/reisen\\\/reiseberichte\\\/europa\\\/2014-frankreich-paris\\\/\"},{\"@type\":\"ListItem\",\"position\":5,\"name\":\"2014 Paris &#8211; 1. Anreise nach Paris und der Eiffelturm\"}]},{\"@type\":\"WebSite\",\"@id\":\"https:\\\/\\\/www.familie-papp.de\\\/reisen\\\/#website\",\"url\":\"https:\\\/\\\/www.familie-papp.de\\\/reisen\\\/\",\"name\":\"Reiseberichte\",\"description\":\"In der Welt zu Hause\",\"potentialAction\":[{\"@type\":\"SearchAction\",\"target\":{\"@type\":\"EntryPoint\",\"urlTemplate\":\"https:\\\/\\\/www.familie-papp.de\\\/reisen\\\/?s={search_term_string}\"},\"query-input\":{\"@type\":\"PropertyValueSpecification\",\"valueRequired\":true,\"valueName\":\"search_term_string\"}}],\"inLanguage\":\"de\"},{\"@type\":\"Person\",\"@id\":\"https:\\\/\\\/www.familie-papp.de\\\/reisen\\\/#\\\/schema\\\/person\\\/d107f07b4626d64d37116d50358b271d\",\"name\":\"admin\",\"image\":{\"@type\":\"ImageObject\",\"inLanguage\":\"de\",\"@id\":\"https:\\\/\\\/secure.gravatar.com\\\/avatar\\\/93f7e474389cda0ebd50c1ce962750e92ff8bd6797f2601359ffb691c767093c?s=96&d=mm&r=g\",\"url\":\"https:\\\/\\\/secure.gravatar.com\\\/avatar\\\/93f7e474389cda0ebd50c1ce962750e92ff8bd6797f2601359ffb691c767093c?s=96&d=mm&r=g\",\"contentUrl\":\"https:\\\/\\\/secure.gravatar.com\\\/avatar\\\/93f7e474389cda0ebd50c1ce962750e92ff8bd6797f2601359ffb691c767093c?s=96&d=mm&r=g\",\"caption\":\"admin\"},\"url\":\"https:\\\/\\\/www.familie-papp.de\\\/reisen\\\/author\\\/admin\\\/\"}]}<\/script>\n<!-- \/ Yoast SEO plugin. -->","yoast_head_json":{"title":"2014 Paris - 1. Anreise nach Paris und der Eiffelturm - Reiseberichte","description":"F\u00fcr unseren zweiten Besuch in Paris haben wir uns f\u00fcr die Anreise mit der Bahn entschieden. Von Stuttgart bis Paris mit dem TGV dauert es nur dreieinhalb Stunden. Mit Platzreservierung war die Reise komfortabel und entspannt.","robots":{"index":"index","follow":"follow","max-snippet":"max-snippet:-1","max-image-preview":"max-image-preview:large","max-video-preview":"max-video-preview:-1"},"canonical":"https:\/\/www.familie-papp.de\/reisen\/reiseberichte\/europa\/2014-frankreich-paris\/2014-paris-1-anreise-nach-paris-und-der-eiffelturm\/","og_locale":"de_DE","og_type":"article","og_title":"2014 Paris - 1. Anreise nach Paris und der Eiffelturm - Reiseberichte","og_description":"F\u00fcr unseren zweiten Besuch in Paris haben wir uns f\u00fcr die Anreise mit der Bahn entschieden. Von Stuttgart bis Paris mit dem TGV dauert es nur dreieinhalb Stunden. Mit Platzreservierung war die Reise komfortabel und entspannt.","og_url":"https:\/\/www.familie-papp.de\/reisen\/reiseberichte\/europa\/2014-frankreich-paris\/2014-paris-1-anreise-nach-paris-und-der-eiffelturm\/","og_site_name":"Reiseberichte","article_published_time":"2014-05-06T08:45:37+00:00","article_modified_time":"2020-08-03T11:20:03+00:00","og_image":[{"width":1600,"height":1067,"url":"https:\/\/www.familie-papp.de\/reisen\/wp-content\/uploads\/ngg_featured\/20140430-Paris-000.JPG","type":"image\/jpeg"}],"author":"admin","twitter_card":"summary_large_image","twitter_creator":"@chris_papp_de","twitter_site":"@chris_papp_de","twitter_misc":{"Verfasst von":"admin","Gesch\u00e4tzte Lesezeit":"1\u00a0Minute"},"schema":{"@context":"https:\/\/schema.org","@graph":[{"@type":"Article","@id":"https:\/\/www.familie-papp.de\/reisen\/reiseberichte\/europa\/2014-frankreich-paris\/2014-paris-1-anreise-nach-paris-und-der-eiffelturm\/#article","isPartOf":{"@id":"https:\/\/www.familie-papp.de\/reisen\/reiseberichte\/europa\/2014-frankreich-paris\/2014-paris-1-anreise-nach-paris-und-der-eiffelturm\/"},"author":{"name":"admin","@id":"https:\/\/www.familie-papp.de\/reisen\/#\/schema\/person\/d107f07b4626d64d37116d50358b271d"},"headline":"2014 Paris &#8211; 1. Anreise nach Paris und der Eiffelturm","datePublished":"2014-05-06T08:45:37+00:00","dateModified":"2020-08-03T11:20:03+00:00","mainEntityOfPage":{"@id":"https:\/\/www.familie-papp.de\/reisen\/reiseberichte\/europa\/2014-frankreich-paris\/2014-paris-1-anreise-nach-paris-und-der-eiffelturm\/"},"wordCount":210,"commentCount":0,"image":{"@id":"https:\/\/www.familie-papp.de\/reisen\/reiseberichte\/europa\/2014-frankreich-paris\/2014-paris-1-anreise-nach-paris-und-der-eiffelturm\/#primaryimage"},"thumbnailUrl":"https:\/\/www.familie-papp.de\/reisen\/wp-content\/uploads\/ngg_featured\/20140430-Paris-000.JPG","articleSection":["2014 Frankreich - Paris"],"inLanguage":"de","potentialAction":[{"@type":"CommentAction","name":"Comment","target":["https:\/\/www.familie-papp.de\/reisen\/reiseberichte\/europa\/2014-frankreich-paris\/2014-paris-1-anreise-nach-paris-und-der-eiffelturm\/#respond"]}]},{"@type":"WebPage","@id":"https:\/\/www.familie-papp.de\/reisen\/reiseberichte\/europa\/2014-frankreich-paris\/2014-paris-1-anreise-nach-paris-und-der-eiffelturm\/","url":"https:\/\/www.familie-papp.de\/reisen\/reiseberichte\/europa\/2014-frankreich-paris\/2014-paris-1-anreise-nach-paris-und-der-eiffelturm\/","name":"2014 Paris - 1. Anreise nach Paris und der Eiffelturm - Reiseberichte","isPartOf":{"@id":"https:\/\/www.familie-papp.de\/reisen\/#website"},"primaryImageOfPage":{"@id":"https:\/\/www.familie-papp.de\/reisen\/reiseberichte\/europa\/2014-frankreich-paris\/2014-paris-1-anreise-nach-paris-und-der-eiffelturm\/#primaryimage"},"image":{"@id":"https:\/\/www.familie-papp.de\/reisen\/reiseberichte\/europa\/2014-frankreich-paris\/2014-paris-1-anreise-nach-paris-und-der-eiffelturm\/#primaryimage"},"thumbnailUrl":"https:\/\/www.familie-papp.de\/reisen\/wp-content\/uploads\/ngg_featured\/20140430-Paris-000.JPG","datePublished":"2014-05-06T08:45:37+00:00","dateModified":"2020-08-03T11:20:03+00:00","author":{"@id":"https:\/\/www.familie-papp.de\/reisen\/#\/schema\/person\/d107f07b4626d64d37116d50358b271d"},"description":"F\u00fcr unseren zweiten Besuch in Paris haben wir uns f\u00fcr die Anreise mit der Bahn entschieden. Von Stuttgart bis Paris mit dem TGV dauert es nur dreieinhalb Stunden. Mit Platzreservierung war die Reise komfortabel und entspannt.","breadcrumb":{"@id":"https:\/\/www.familie-papp.de\/reisen\/reiseberichte\/europa\/2014-frankreich-paris\/2014-paris-1-anreise-nach-paris-und-der-eiffelturm\/#breadcrumb"},"inLanguage":"de","potentialAction":[{"@type":"ReadAction","target":["https:\/\/www.familie-papp.de\/reisen\/reiseberichte\/europa\/2014-frankreich-paris\/2014-paris-1-anreise-nach-paris-und-der-eiffelturm\/"]}]},{"@type":"ImageObject","inLanguage":"de","@id":"https:\/\/www.familie-papp.de\/reisen\/reiseberichte\/europa\/2014-frankreich-paris\/2014-paris-1-anreise-nach-paris-und-der-eiffelturm\/#primaryimage","url":"https:\/\/www.familie-papp.de\/reisen\/wp-content\/uploads\/ngg_featured\/20140430-Paris-000.JPG","contentUrl":"https:\/\/www.familie-papp.de\/reisen\/wp-content\/uploads\/ngg_featured\/20140430-Paris-000.JPG","width":1600,"height":1067},{"@type":"BreadcrumbList","@id":"https:\/\/www.familie-papp.de\/reisen\/reiseberichte\/europa\/2014-frankreich-paris\/2014-paris-1-anreise-nach-paris-und-der-eiffelturm\/#breadcrumb","itemListElement":[{"@type":"ListItem","position":1,"name":"Home","item":"https:\/\/www.familie-papp.de\/reisen\/"},{"@type":"ListItem","position":2,"name":"Reiseberichte","item":"https:\/\/www.familie-papp.de\/reisen\/reiseberichte\/"},{"@type":"ListItem","position":3,"name":"Europa","item":"https:\/\/www.familie-papp.de\/reisen\/reiseberichte\/europa\/"},{"@type":"ListItem","position":4,"name":"2014 Frankreich - Paris","item":"https:\/\/www.familie-papp.de\/reisen\/reiseberichte\/europa\/2014-frankreich-paris\/"},{"@type":"ListItem","position":5,"name":"2014 Paris &#8211; 1. Anreise nach Paris und der Eiffelturm"}]},{"@type":"WebSite","@id":"https:\/\/www.familie-papp.de\/reisen\/#website","url":"https:\/\/www.familie-papp.de\/reisen\/","name":"Reiseberichte","description":"In der Welt zu Hause","potentialAction":[{"@type":"SearchAction","target":{"@type":"EntryPoint","urlTemplate":"https:\/\/www.familie-papp.de\/reisen\/?s={search_term_string}"},"query-input":{"@type":"PropertyValueSpecification","valueRequired":true,"valueName":"search_term_string"}}],"inLanguage":"de"},{"@type":"Person","@id":"https:\/\/www.familie-papp.de\/reisen\/#\/schema\/person\/d107f07b4626d64d37116d50358b271d","name":"admin","image":{"@type":"ImageObject","inLanguage":"de","@id":"https:\/\/secure.gravatar.com\/avatar\/93f7e474389cda0ebd50c1ce962750e92ff8bd6797f2601359ffb691c767093c?s=96&d=mm&r=g","url":"https:\/\/secure.gravatar.com\/avatar\/93f7e474389cda0ebd50c1ce962750e92ff8bd6797f2601359ffb691c767093c?s=96&d=mm&r=g","contentUrl":"https:\/\/secure.gravatar.com\/avatar\/93f7e474389cda0ebd50c1ce962750e92ff8bd6797f2601359ffb691c767093c?s=96&d=mm&r=g","caption":"admin"},"url":"https:\/\/www.familie-papp.de\/reisen\/author\/admin\/"}]}},"_links":{"self":[{"href":"https:\/\/www.familie-papp.de\/reisen\/wp-json\/wp\/v2\/posts\/1811","targetHints":{"allow":["GET"]}}],"collection":[{"href":"https:\/\/www.familie-papp.de\/reisen\/wp-json\/wp\/v2\/posts"}],"about":[{"href":"https:\/\/www.familie-papp.de\/reisen\/wp-json\/wp\/v2\/types\/post"}],"author":[{"embeddable":true,"href":"https:\/\/www.familie-papp.de\/reisen\/wp-json\/wp\/v2\/users\/1"}],"replies":[{"embeddable":true,"href":"https:\/\/www.familie-papp.de\/reisen\/wp-json\/wp\/v2\/comments?post=1811"}],"version-history":[{"count":10,"href":"https:\/\/www.familie-papp.de\/reisen\/wp-json\/wp\/v2\/posts\/1811\/revisions"}],"predecessor-version":[{"id":2290,"href":"https:\/\/www.familie-papp.de\/reisen\/wp-json\/wp\/v2\/posts\/1811\/revisions\/2290"}],"wp:featuredmedia":[{"embeddable":true,"href":"https:\/\/www.familie-papp.de\/reisen\/wp-json\/wp\/v2\/media\/1852"}],"wp:attachment":[{"href":"https:\/\/www.familie-papp.de\/reisen\/wp-json\/wp\/v2\/media?parent=1811"}],"wp:term":[{"taxonomy":"category","embeddable":true,"href":"https:\/\/www.familie-papp.de\/reisen\/wp-json\/wp\/v2\/categories?post=1811"},{"taxonomy":"post_tag","embeddable":true,"href":"https:\/\/www.familie-papp.de\/reisen\/wp-json\/wp\/v2\/tags?post=1811"}],"curies":[{"name":"wp","href":"https:\/\/api.w.org\/{rel}","templated":true}]}}