{"id":2070,"date":"2015-02-06T11:25:30","date_gmt":"2015-02-06T09:25:30","guid":{"rendered":"https:\/\/www.familie-papp.de\/reisen\/?p=2070"},"modified":"2020-08-03T13:22:49","modified_gmt":"2020-08-03T11:22:49","slug":"4-spanische-treppe-villa-borghese-und-piazza-del-popolo","status":"publish","type":"post","link":"https:\/\/www.familie-papp.de\/reisen\/reiseberichte\/europa\/2014-italien-rom\/4-spanische-treppe-villa-borghese-und-piazza-del-popolo\/","title":{"rendered":"4. Spanische Treppe, Villa Borghese und Piazza del Popolo"},"content":{"rendered":"<table border=\"0\" align=\"center\">\n<tbody>\n<tr>\n<td style=\"text-align: left;\"><a title=\"3. Sankt Paul vor den Mauern und Engelsburg\" href=\"https:\/\/www.familie-papp.de\/reisen\/reiseberichte\/europa\/2014-rom-italien\/3-sankt-paul-vor-den-mauern-und-engelsburg\/\">\u2039\u00a0Zur\u00fcck<\/a><\/td>\n<td style=\"text-align: center;\"><a title=\"2014 Rom \u2013 \u00dcbersicht \u00fcber den Reiseverlauf\" href=\"https:\/\/www.familie-papp.de\/reisen\/reiseberichte\/europa\/2014-rom-italien\/2014-rom-uebersicht-ueber-den-reiseverlauf\/\">Reiseverlauf<\/a><\/td>\n<td style=\"text-align: right;\"><\/td>\n<\/tr>\n<\/tbody>\n<\/table>\n<p>ngg_shortcode_0_placeholderAm letzten Tag haben wir die weitl\u00e4ufige Parkanlage Villa Borghese besucht. Wir sind \u00fcber die spanische Treppe nach oben gestiegen und dann auf verschlungenen Pfaden durch den Park gewandert. Nach der Hektik und den Abgasen in der Innenstadt, ist der Park wirklich eine gr\u00fcne Oase. Im Casino, ein beeindruckender kleiner Palast inmitten des Parks, befindet sich die Galleria Borghese mit einer Ausstellung ber\u00fchmter Marmorstatuen und Gem\u00e4lde aus privaten Sammlungen der fr\u00fcheren Besitzer. Der Eintritt ist allerdings ziemlich teuer, daher haben wir uns die Ausstellung nicht angesehen. Der Park ist wirklich sehr weitl\u00e4ufig mit hier und da ein paar Statuen und Springbrunnen sowie Caf\u00e9s und Restaurants. Er hat Anschluss an einen Zoo, den man nat\u00fcrlich gegen Eintritt besichtigen kann. Durch den Park sind wir dann zur\u00fcck zur Innenstadt geschlendert und bei der Piazza del Popolo herausgekommen. Hier haben wir ein kleines Museum \u00fcber Leonardo Da Vinci besichtigt, welches Zeichnungen und kleine funktionierende Modelle seiner ber\u00fchmten Erfindungen und Apparate zeigt. Die Maschinen in Kleinformat kann man anfassen und ihren Mechanismus testen, vor allem f\u00fcr Kinder ist das bestimmt sehr interessant. Die Karten kosteten mit Rompass ca. 8 \u20ac. Die Ausstellung ist allerdings wirklich klein, es gibt wohl noch eine gr\u00f6\u00dfere Ausstellung \u00fcber den Meister. Mit einem leckeren Essen und einem kleinen Spaziergang durch die Innenstadt haben wir den Tag und damit den Urlaub ausklingen lassen. Wie viele Metropolen hat Rom Unmengen an Sehensw\u00fcrdigkeiten zu bieten, die man gar nicht alle schaffen kann. Allein schon die verschiedenen Museen sind kaum zu schaffen. Insgesamt fanden wir die St\u00e4dtereise aber sehr sch\u00f6n und lohnenswert.<\/p>\n<h3>Piazza del Popolo<\/h3>\nngg_shortcode_1_placeholder\n<h3>Bilder<\/h3>\nngg_shortcode_2_placeholder\n<h3><span style=\"font-size: 1.17em;\">Karte<\/span><\/h3>\n\n<table border=\"0\" align=\"center\">\n<tbody>\n<tr>\n<td style=\"text-align: left;\"><a title=\"3. Sankt Paul vor den Mauern und Engelsburg\" href=\"https:\/\/www.familie-papp.de\/reisen\/reiseberichte\/europa\/2014-rom-italien\/3-sankt-paul-vor-den-mauern-und-engelsburg\/\">\u2039\u00a0Zur\u00fcck<\/a><\/td>\n<td style=\"text-align: center;\"><a title=\"2014 Rom \u2013 \u00dcbersicht \u00fcber den Reiseverlauf\" href=\"https:\/\/www.familie-papp.de\/reisen\/reiseberichte\/europa\/2014-rom-italien\/2014-rom-uebersicht-ueber-den-reiseverlauf\/\">Reiseverlauf<\/a><\/td>\n<td style=\"text-align: right;\"><\/td>\n<\/tr>\n<\/tbody>\n<\/table>\n","protected":false},"excerpt":{"rendered":"<p>Am letzten Tag haben wir die weitl\u00e4ufige Parkanlage Villa Borghese und die Piazza del Popolo besucht. Wir sind \u00fcber die spanische Treppe nach oben gestiegen. <a class=\"more-link\" href=\"https:\/\/www.familie-papp.de\/reisen\/reiseberichte\/europa\/2014-italien-rom\/4-spanische-treppe-villa-borghese-und-piazza-del-popolo\/\"><span class=\"screen-reader-text\">  4. Spanische Treppe, Villa Borghese und Piazza del Popolo<\/span> weiterlesen<span class=\"meta-nav\">&rarr;<\/span><\/a><\/p>\n","protected":false},"author":2,"featured_media":2073,"comment_status":"open","ping_status":"open","sticky":false,"template":"","format":"standard","meta":{"ngg_post_thumbnail":0,"footnotes":""},"categories":[24],"tags":[],"class_list":["post-2070","post","type-post","status-publish","format-standard","has-post-thumbnail","hentry","category-2014-italien-rom"],"yoast_head":"<!-- This site is optimized with the Yoast SEO plugin v27.5 - https:\/\/yoast.com\/product\/yoast-seo-wordpress\/ -->\n<title>4. Spanische Treppe, Villa Borghese und Piazza del Popolo<\/title>\n<meta name=\"description\" content=\"Am letzten Tag haben wir die weitl\u00e4ufige Parkanlage Villa Borghese und die Piazza del Popolo besucht. Wir sind \u00fcber die spanische Treppe nach oben gestiegen.\" \/>\n<meta name=\"robots\" content=\"index, follow, max-snippet:-1, max-image-preview:large, max-video-preview:-1\" \/>\n<link rel=\"canonical\" href=\"https:\/\/www.familie-papp.de\/reisen\/reiseberichte\/europa\/2014-italien-rom\/4-spanische-treppe-villa-borghese-und-piazza-del-popolo\/\" \/>\n<meta property=\"og:locale\" content=\"de_DE\" \/>\n<meta property=\"og:type\" content=\"article\" \/>\n<meta property=\"og:title\" content=\"4. Spanische Treppe, Villa Borghese und Piazza del Popolo\" \/>\n<meta property=\"og:description\" content=\"Am letzten Tag haben wir die weitl\u00e4ufige Parkanlage Villa Borghese und die Piazza del Popolo besucht. Wir sind \u00fcber die spanische Treppe nach oben gestiegen.\" \/>\n<meta property=\"og:url\" content=\"https:\/\/www.familie-papp.de\/reisen\/reiseberichte\/europa\/2014-italien-rom\/4-spanische-treppe-villa-borghese-und-piazza-del-popolo\/\" \/>\n<meta property=\"og:site_name\" content=\"Reiseberichte\" \/>\n<meta property=\"article:published_time\" content=\"2015-02-06T09:25:30+00:00\" \/>\n<meta property=\"article:modified_time\" content=\"2020-08-03T11:22:49+00:00\" \/>\n<meta property=\"og:image\" content=\"https:\/\/www.familie-papp.de\/reisen\/wp-content\/uploads\/2015\/02\/2014-rom-187.jpg\" \/>\n\t<meta property=\"og:image:width\" content=\"600\" \/>\n\t<meta property=\"og:image:height\" content=\"391\" \/>\n\t<meta property=\"og:image:type\" content=\"image\/jpeg\" \/>\n<meta name=\"author\" content=\"Anika\" \/>\n<meta name=\"twitter:card\" content=\"summary_large_image\" \/>\n<meta name=\"twitter:creator\" content=\"@chris_papp_de\" \/>\n<meta name=\"twitter:site\" content=\"@chris_papp_de\" \/>\n<meta name=\"twitter:label1\" content=\"Verfasst von\" \/>\n\t<meta name=\"twitter:data1\" content=\"Anika\" \/>\n\t<meta name=\"twitter:label2\" content=\"Gesch\u00e4tzte Lesezeit\" \/>\n\t<meta name=\"twitter:data2\" content=\"1\u00a0Minute\" \/>\n<script type=\"application\/ld+json\" class=\"yoast-schema-graph\">{\"@context\":\"https:\\\/\\\/schema.org\",\"@graph\":[{\"@type\":\"Article\",\"@id\":\"https:\\\/\\\/www.familie-papp.de\\\/reisen\\\/reiseberichte\\\/europa\\\/2014-italien-rom\\\/4-spanische-treppe-villa-borghese-und-piazza-del-popolo\\\/#article\",\"isPartOf\":{\"@id\":\"https:\\\/\\\/www.familie-papp.de\\\/reisen\\\/reiseberichte\\\/europa\\\/2014-italien-rom\\\/4-spanische-treppe-villa-borghese-und-piazza-del-popolo\\\/\"},\"author\":{\"name\":\"Anika\",\"@id\":\"https:\\\/\\\/www.familie-papp.de\\\/reisen\\\/#\\\/schema\\\/person\\\/df3e01dda9301df430c98b67dba4932b\"},\"headline\":\"4. Spanische Treppe, Villa Borghese und Piazza del Popolo\",\"datePublished\":\"2015-02-06T09:25:30+00:00\",\"dateModified\":\"2020-08-03T11:22:49+00:00\",\"mainEntityOfPage\":{\"@id\":\"https:\\\/\\\/www.familie-papp.de\\\/reisen\\\/reiseberichte\\\/europa\\\/2014-italien-rom\\\/4-spanische-treppe-villa-borghese-und-piazza-del-popolo\\\/\"},\"wordCount\":307,\"commentCount\":0,\"image\":{\"@id\":\"https:\\\/\\\/www.familie-papp.de\\\/reisen\\\/reiseberichte\\\/europa\\\/2014-italien-rom\\\/4-spanische-treppe-villa-borghese-und-piazza-del-popolo\\\/#primaryimage\"},\"thumbnailUrl\":\"https:\\\/\\\/www.familie-papp.de\\\/reisen\\\/wp-content\\\/uploads\\\/2015\\\/02\\\/2014-rom-187.jpg\",\"articleSection\":[\"2014 Italien - Rom\"],\"inLanguage\":\"de\",\"potentialAction\":[{\"@type\":\"CommentAction\",\"name\":\"Comment\",\"target\":[\"https:\\\/\\\/www.familie-papp.de\\\/reisen\\\/reiseberichte\\\/europa\\\/2014-italien-rom\\\/4-spanische-treppe-villa-borghese-und-piazza-del-popolo\\\/#respond\"]}]},{\"@type\":\"WebPage\",\"@id\":\"https:\\\/\\\/www.familie-papp.de\\\/reisen\\\/reiseberichte\\\/europa\\\/2014-italien-rom\\\/4-spanische-treppe-villa-borghese-und-piazza-del-popolo\\\/\",\"url\":\"https:\\\/\\\/www.familie-papp.de\\\/reisen\\\/reiseberichte\\\/europa\\\/2014-italien-rom\\\/4-spanische-treppe-villa-borghese-und-piazza-del-popolo\\\/\",\"name\":\"4. Spanische Treppe, Villa Borghese und Piazza del Popolo\",\"isPartOf\":{\"@id\":\"https:\\\/\\\/www.familie-papp.de\\\/reisen\\\/#website\"},\"primaryImageOfPage\":{\"@id\":\"https:\\\/\\\/www.familie-papp.de\\\/reisen\\\/reiseberichte\\\/europa\\\/2014-italien-rom\\\/4-spanische-treppe-villa-borghese-und-piazza-del-popolo\\\/#primaryimage\"},\"image\":{\"@id\":\"https:\\\/\\\/www.familie-papp.de\\\/reisen\\\/reiseberichte\\\/europa\\\/2014-italien-rom\\\/4-spanische-treppe-villa-borghese-und-piazza-del-popolo\\\/#primaryimage\"},\"thumbnailUrl\":\"https:\\\/\\\/www.familie-papp.de\\\/reisen\\\/wp-content\\\/uploads\\\/2015\\\/02\\\/2014-rom-187.jpg\",\"datePublished\":\"2015-02-06T09:25:30+00:00\",\"dateModified\":\"2020-08-03T11:22:49+00:00\",\"author\":{\"@id\":\"https:\\\/\\\/www.familie-papp.de\\\/reisen\\\/#\\\/schema\\\/person\\\/df3e01dda9301df430c98b67dba4932b\"},\"description\":\"Am letzten Tag haben wir die weitl\u00e4ufige Parkanlage Villa Borghese und die Piazza del Popolo besucht. Wir sind \u00fcber die spanische Treppe nach oben gestiegen.\",\"breadcrumb\":{\"@id\":\"https:\\\/\\\/www.familie-papp.de\\\/reisen\\\/reiseberichte\\\/europa\\\/2014-italien-rom\\\/4-spanische-treppe-villa-borghese-und-piazza-del-popolo\\\/#breadcrumb\"},\"inLanguage\":\"de\",\"potentialAction\":[{\"@type\":\"ReadAction\",\"target\":[\"https:\\\/\\\/www.familie-papp.de\\\/reisen\\\/reiseberichte\\\/europa\\\/2014-italien-rom\\\/4-spanische-treppe-villa-borghese-und-piazza-del-popolo\\\/\"]}]},{\"@type\":\"ImageObject\",\"inLanguage\":\"de\",\"@id\":\"https:\\\/\\\/www.familie-papp.de\\\/reisen\\\/reiseberichte\\\/europa\\\/2014-italien-rom\\\/4-spanische-treppe-villa-borghese-und-piazza-del-popolo\\\/#primaryimage\",\"url\":\"https:\\\/\\\/www.familie-papp.de\\\/reisen\\\/wp-content\\\/uploads\\\/2015\\\/02\\\/2014-rom-187.jpg\",\"contentUrl\":\"https:\\\/\\\/www.familie-papp.de\\\/reisen\\\/wp-content\\\/uploads\\\/2015\\\/02\\\/2014-rom-187.jpg\",\"width\":600,\"height\":391},{\"@type\":\"BreadcrumbList\",\"@id\":\"https:\\\/\\\/www.familie-papp.de\\\/reisen\\\/reiseberichte\\\/europa\\\/2014-italien-rom\\\/4-spanische-treppe-villa-borghese-und-piazza-del-popolo\\\/#breadcrumb\",\"itemListElement\":[{\"@type\":\"ListItem\",\"position\":1,\"name\":\"Home\",\"item\":\"https:\\\/\\\/www.familie-papp.de\\\/reisen\\\/\"},{\"@type\":\"ListItem\",\"position\":2,\"name\":\"Reiseberichte\",\"item\":\"https:\\\/\\\/www.familie-papp.de\\\/reisen\\\/reiseberichte\\\/\"},{\"@type\":\"ListItem\",\"position\":3,\"name\":\"Europa\",\"item\":\"https:\\\/\\\/www.familie-papp.de\\\/reisen\\\/reiseberichte\\\/europa\\\/\"},{\"@type\":\"ListItem\",\"position\":4,\"name\":\"2014 Italien - Rom\",\"item\":\"https:\\\/\\\/www.familie-papp.de\\\/reisen\\\/reiseberichte\\\/europa\\\/2014-italien-rom\\\/\"},{\"@type\":\"ListItem\",\"position\":5,\"name\":\"4. Spanische Treppe, Villa Borghese und Piazza del Popolo\"}]},{\"@type\":\"WebSite\",\"@id\":\"https:\\\/\\\/www.familie-papp.de\\\/reisen\\\/#website\",\"url\":\"https:\\\/\\\/www.familie-papp.de\\\/reisen\\\/\",\"name\":\"Reiseberichte\",\"description\":\"In der Welt zu Hause\",\"potentialAction\":[{\"@type\":\"SearchAction\",\"target\":{\"@type\":\"EntryPoint\",\"urlTemplate\":\"https:\\\/\\\/www.familie-papp.de\\\/reisen\\\/?s={search_term_string}\"},\"query-input\":{\"@type\":\"PropertyValueSpecification\",\"valueRequired\":true,\"valueName\":\"search_term_string\"}}],\"inLanguage\":\"de\"},{\"@type\":\"Person\",\"@id\":\"https:\\\/\\\/www.familie-papp.de\\\/reisen\\\/#\\\/schema\\\/person\\\/df3e01dda9301df430c98b67dba4932b\",\"name\":\"Anika\",\"image\":{\"@type\":\"ImageObject\",\"inLanguage\":\"de\",\"@id\":\"https:\\\/\\\/secure.gravatar.com\\\/avatar\\\/df550d8ca83945c9d7f86e4dd62b332a85c2d385216a51e6163de806209dea20?s=96&d=mm&r=g\",\"url\":\"https:\\\/\\\/secure.gravatar.com\\\/avatar\\\/df550d8ca83945c9d7f86e4dd62b332a85c2d385216a51e6163de806209dea20?s=96&d=mm&r=g\",\"contentUrl\":\"https:\\\/\\\/secure.gravatar.com\\\/avatar\\\/df550d8ca83945c9d7f86e4dd62b332a85c2d385216a51e6163de806209dea20?s=96&d=mm&r=g\",\"caption\":\"Anika\"},\"url\":\"https:\\\/\\\/www.familie-papp.de\\\/reisen\\\/author\\\/anika\\\/\"}]}<\/script>\n<!-- \/ Yoast SEO plugin. -->","yoast_head_json":{"title":"4. Spanische Treppe, Villa Borghese und Piazza del Popolo","description":"Am letzten Tag haben wir die weitl\u00e4ufige Parkanlage Villa Borghese und die Piazza del Popolo besucht. Wir sind \u00fcber die spanische Treppe nach oben gestiegen.","robots":{"index":"index","follow":"follow","max-snippet":"max-snippet:-1","max-image-preview":"max-image-preview:large","max-video-preview":"max-video-preview:-1"},"canonical":"https:\/\/www.familie-papp.de\/reisen\/reiseberichte\/europa\/2014-italien-rom\/4-spanische-treppe-villa-borghese-und-piazza-del-popolo\/","og_locale":"de_DE","og_type":"article","og_title":"4. Spanische Treppe, Villa Borghese und Piazza del Popolo","og_description":"Am letzten Tag haben wir die weitl\u00e4ufige Parkanlage Villa Borghese und die Piazza del Popolo besucht. Wir sind \u00fcber die spanische Treppe nach oben gestiegen.","og_url":"https:\/\/www.familie-papp.de\/reisen\/reiseberichte\/europa\/2014-italien-rom\/4-spanische-treppe-villa-borghese-und-piazza-del-popolo\/","og_site_name":"Reiseberichte","article_published_time":"2015-02-06T09:25:30+00:00","article_modified_time":"2020-08-03T11:22:49+00:00","og_image":[{"width":600,"height":391,"url":"https:\/\/www.familie-papp.de\/reisen\/wp-content\/uploads\/2015\/02\/2014-rom-187.jpg","type":"image\/jpeg"}],"author":"Anika","twitter_card":"summary_large_image","twitter_creator":"@chris_papp_de","twitter_site":"@chris_papp_de","twitter_misc":{"Verfasst von":"Anika","Gesch\u00e4tzte Lesezeit":"1\u00a0Minute"},"schema":{"@context":"https:\/\/schema.org","@graph":[{"@type":"Article","@id":"https:\/\/www.familie-papp.de\/reisen\/reiseberichte\/europa\/2014-italien-rom\/4-spanische-treppe-villa-borghese-und-piazza-del-popolo\/#article","isPartOf":{"@id":"https:\/\/www.familie-papp.de\/reisen\/reiseberichte\/europa\/2014-italien-rom\/4-spanische-treppe-villa-borghese-und-piazza-del-popolo\/"},"author":{"name":"Anika","@id":"https:\/\/www.familie-papp.de\/reisen\/#\/schema\/person\/df3e01dda9301df430c98b67dba4932b"},"headline":"4. Spanische Treppe, Villa Borghese und Piazza del Popolo","datePublished":"2015-02-06T09:25:30+00:00","dateModified":"2020-08-03T11:22:49+00:00","mainEntityOfPage":{"@id":"https:\/\/www.familie-papp.de\/reisen\/reiseberichte\/europa\/2014-italien-rom\/4-spanische-treppe-villa-borghese-und-piazza-del-popolo\/"},"wordCount":307,"commentCount":0,"image":{"@id":"https:\/\/www.familie-papp.de\/reisen\/reiseberichte\/europa\/2014-italien-rom\/4-spanische-treppe-villa-borghese-und-piazza-del-popolo\/#primaryimage"},"thumbnailUrl":"https:\/\/www.familie-papp.de\/reisen\/wp-content\/uploads\/2015\/02\/2014-rom-187.jpg","articleSection":["2014 Italien - Rom"],"inLanguage":"de","potentialAction":[{"@type":"CommentAction","name":"Comment","target":["https:\/\/www.familie-papp.de\/reisen\/reiseberichte\/europa\/2014-italien-rom\/4-spanische-treppe-villa-borghese-und-piazza-del-popolo\/#respond"]}]},{"@type":"WebPage","@id":"https:\/\/www.familie-papp.de\/reisen\/reiseberichte\/europa\/2014-italien-rom\/4-spanische-treppe-villa-borghese-und-piazza-del-popolo\/","url":"https:\/\/www.familie-papp.de\/reisen\/reiseberichte\/europa\/2014-italien-rom\/4-spanische-treppe-villa-borghese-und-piazza-del-popolo\/","name":"4. Spanische Treppe, Villa Borghese und Piazza del Popolo","isPartOf":{"@id":"https:\/\/www.familie-papp.de\/reisen\/#website"},"primaryImageOfPage":{"@id":"https:\/\/www.familie-papp.de\/reisen\/reiseberichte\/europa\/2014-italien-rom\/4-spanische-treppe-villa-borghese-und-piazza-del-popolo\/#primaryimage"},"image":{"@id":"https:\/\/www.familie-papp.de\/reisen\/reiseberichte\/europa\/2014-italien-rom\/4-spanische-treppe-villa-borghese-und-piazza-del-popolo\/#primaryimage"},"thumbnailUrl":"https:\/\/www.familie-papp.de\/reisen\/wp-content\/uploads\/2015\/02\/2014-rom-187.jpg","datePublished":"2015-02-06T09:25:30+00:00","dateModified":"2020-08-03T11:22:49+00:00","author":{"@id":"https:\/\/www.familie-papp.de\/reisen\/#\/schema\/person\/df3e01dda9301df430c98b67dba4932b"},"description":"Am letzten Tag haben wir die weitl\u00e4ufige Parkanlage Villa Borghese und die Piazza del Popolo besucht. Wir sind \u00fcber die spanische Treppe nach oben gestiegen.","breadcrumb":{"@id":"https:\/\/www.familie-papp.de\/reisen\/reiseberichte\/europa\/2014-italien-rom\/4-spanische-treppe-villa-borghese-und-piazza-del-popolo\/#breadcrumb"},"inLanguage":"de","potentialAction":[{"@type":"ReadAction","target":["https:\/\/www.familie-papp.de\/reisen\/reiseberichte\/europa\/2014-italien-rom\/4-spanische-treppe-villa-borghese-und-piazza-del-popolo\/"]}]},{"@type":"ImageObject","inLanguage":"de","@id":"https:\/\/www.familie-papp.de\/reisen\/reiseberichte\/europa\/2014-italien-rom\/4-spanische-treppe-villa-borghese-und-piazza-del-popolo\/#primaryimage","url":"https:\/\/www.familie-papp.de\/reisen\/wp-content\/uploads\/2015\/02\/2014-rom-187.jpg","contentUrl":"https:\/\/www.familie-papp.de\/reisen\/wp-content\/uploads\/2015\/02\/2014-rom-187.jpg","width":600,"height":391},{"@type":"BreadcrumbList","@id":"https:\/\/www.familie-papp.de\/reisen\/reiseberichte\/europa\/2014-italien-rom\/4-spanische-treppe-villa-borghese-und-piazza-del-popolo\/#breadcrumb","itemListElement":[{"@type":"ListItem","position":1,"name":"Home","item":"https:\/\/www.familie-papp.de\/reisen\/"},{"@type":"ListItem","position":2,"name":"Reiseberichte","item":"https:\/\/www.familie-papp.de\/reisen\/reiseberichte\/"},{"@type":"ListItem","position":3,"name":"Europa","item":"https:\/\/www.familie-papp.de\/reisen\/reiseberichte\/europa\/"},{"@type":"ListItem","position":4,"name":"2014 Italien - Rom","item":"https:\/\/www.familie-papp.de\/reisen\/reiseberichte\/europa\/2014-italien-rom\/"},{"@type":"ListItem","position":5,"name":"4. Spanische Treppe, Villa Borghese und Piazza del Popolo"}]},{"@type":"WebSite","@id":"https:\/\/www.familie-papp.de\/reisen\/#website","url":"https:\/\/www.familie-papp.de\/reisen\/","name":"Reiseberichte","description":"In der Welt zu Hause","potentialAction":[{"@type":"SearchAction","target":{"@type":"EntryPoint","urlTemplate":"https:\/\/www.familie-papp.de\/reisen\/?s={search_term_string}"},"query-input":{"@type":"PropertyValueSpecification","valueRequired":true,"valueName":"search_term_string"}}],"inLanguage":"de"},{"@type":"Person","@id":"https:\/\/www.familie-papp.de\/reisen\/#\/schema\/person\/df3e01dda9301df430c98b67dba4932b","name":"Anika","image":{"@type":"ImageObject","inLanguage":"de","@id":"https:\/\/secure.gravatar.com\/avatar\/df550d8ca83945c9d7f86e4dd62b332a85c2d385216a51e6163de806209dea20?s=96&d=mm&r=g","url":"https:\/\/secure.gravatar.com\/avatar\/df550d8ca83945c9d7f86e4dd62b332a85c2d385216a51e6163de806209dea20?s=96&d=mm&r=g","contentUrl":"https:\/\/secure.gravatar.com\/avatar\/df550d8ca83945c9d7f86e4dd62b332a85c2d385216a51e6163de806209dea20?s=96&d=mm&r=g","caption":"Anika"},"url":"https:\/\/www.familie-papp.de\/reisen\/author\/anika\/"}]}},"_links":{"self":[{"href":"https:\/\/www.familie-papp.de\/reisen\/wp-json\/wp\/v2\/posts\/2070","targetHints":{"allow":["GET"]}}],"collection":[{"href":"https:\/\/www.familie-papp.de\/reisen\/wp-json\/wp\/v2\/posts"}],"about":[{"href":"https:\/\/www.familie-papp.de\/reisen\/wp-json\/wp\/v2\/types\/post"}],"author":[{"embeddable":true,"href":"https:\/\/www.familie-papp.de\/reisen\/wp-json\/wp\/v2\/users\/2"}],"replies":[{"embeddable":true,"href":"https:\/\/www.familie-papp.de\/reisen\/wp-json\/wp\/v2\/comments?post=2070"}],"version-history":[{"count":6,"href":"https:\/\/www.familie-papp.de\/reisen\/wp-json\/wp\/v2\/posts\/2070\/revisions"}],"predecessor-version":[{"id":2306,"href":"https:\/\/www.familie-papp.de\/reisen\/wp-json\/wp\/v2\/posts\/2070\/revisions\/2306"}],"wp:featuredmedia":[{"embeddable":true,"href":"https:\/\/www.familie-papp.de\/reisen\/wp-json\/wp\/v2\/media\/2073"}],"wp:attachment":[{"href":"https:\/\/www.familie-papp.de\/reisen\/wp-json\/wp\/v2\/media?parent=2070"}],"wp:term":[{"taxonomy":"category","embeddable":true,"href":"https:\/\/www.familie-papp.de\/reisen\/wp-json\/wp\/v2\/categories?post=2070"},{"taxonomy":"post_tag","embeddable":true,"href":"https:\/\/www.familie-papp.de\/reisen\/wp-json\/wp\/v2\/tags?post=2070"}],"curies":[{"name":"wp","href":"https:\/\/api.w.org\/{rel}","templated":true}]}}